{"id":36215,"date":"2025-01-02T15:39:42","date_gmt":"2025-01-02T15:39:42","guid":{"rendered":"https:\/\/laverdadpublica.com\/?p=36215"},"modified":"2025-01-03T15:39:52","modified_gmt":"2025-01-03T15:39:52","slug":"odontologia-estetica-especializada-presenta-su-nueva-imagen-visual","status":"publish","type":"post","link":"https:\/\/laverdadpublica.com\/index.php\/2025\/01\/02\/odontologia-estetica-especializada-presenta-su-nueva-imagen-visual\/","title":{"rendered":"Odontolog\u00eda Est\u00e9tica Especializada presenta su Nueva Imagen Visual"},"content":{"rendered":"<p style=\"text-align: justify;\"><strong>Santo Domingo, Rep\u00fablica Dominicana<\/strong> \u2013 Odontolog\u00eda Est\u00e9tica Especializada, el centro de referencia en est\u00e9tica dental y salud bucal, anuncia con orgullo su nueva identidad visual, dise\u00f1ada para reflejar su dedicaci\u00f3n y pasi\u00f3n por la sonrisa de cada uno de sus pacientes. Esta imagen renovada representa un compromiso continuo con la calidad, la innovaci\u00f3n y la excelencia en cada tratamiento.<\/p>\n<blockquote>\n<p style=\"text-align: justify;\">\u201cDamos un paso hacia el futuro con una identidad visual que encarna nuestra dedicaci\u00f3n a la excelencia en salud y est\u00e9tica dental. Esta nueva imagen nace de nuestro compromiso constante con la sonrisa de nuestros pacientes y la evoluci\u00f3n de nuestros servicios\u201d, expres\u00f3 la Dra. Anabella Lainville, ortodoncista y CEO del centro.<\/p>\n<\/blockquote>\n<p><strong>Un<\/strong> <strong>Compromiso Integral y Personalizado<\/strong><\/p>\n<p style=\"text-align: justify;\">Con el eslogan \u00a1Tu sonrisa es nuestra pasi\u00f3n!, Odontolog\u00eda Est\u00e9tica Especializada reafirma su enfoque en una atenci\u00f3n integral que combina experiencia, innovaci\u00f3n y un trato personalizado. Cada tratamiento est\u00e1 dise\u00f1ado para mejorar tanto la salud como la est\u00e9tica de la sonrisa, logrando resultados que inspiran confianza y satisfacci\u00f3n.<\/p>\n<p style=\"text-align: justify;\">El centro ofrece una completa gama de servicios para atender las necesidades de cada paciente, entre ellos: pr\u00f3tesis dental, implantes, ortodoncia, endodoncia, cirug\u00eda maxilofacial, odontopediatr\u00eda, est\u00e9tica facial y est\u00e9tica dental. Todos los procedimientos se realizan con t\u00e9cnicas avanzadas, buscando siempre superar las expectativas en cada tratamiento.<\/p>\n<p style=\"text-align: justify;\">Te invitamos a visitar Odontolog\u00eda Est\u00e9tica Especializada para descubrir c\u00f3mo nuestros servicios pueden mejorar tu salud y bienestar. Para m\u00e1s informaci\u00f3n o para agendar una consulta, cont\u00e1ctanos al 809 544 2525 o visita nuestra cuenta de Instagram @odontologiaesteticard.<\/p>\n<p>Fuente: Mario Lara<\/p>\n","protected":false},"excerpt":{"rendered":"<p>Santo Domingo, Rep\u00fablica Dominicana \u2013 Odontolog\u00eda Est\u00e9tica Especializada, el centro de referencia en est\u00e9tica dental<\/p>\n","protected":false},"author":1,"featured_media":36216,"comment_status":"open","ping_status":"open","sticky":false,"template":"","format":"standard","meta":{"footnotes":""},"categories":[221],"tags":[],"class_list":["post-36215","post","type-post","status-publish","format-standard","has-post-thumbnail","hentry","category-salud"],"_links":{"self":[{"href":"https:\/\/laverdadpublica.com\/index.php\/wp-json\/wp\/v2\/posts\/36215","targetHints":{"allow":["GET"]}}],"collection":[{"href":"https:\/\/laverdadpublica.com\/index.php\/wp-json\/wp\/v2\/posts"}],"about":[{"href":"https:\/\/laverdadpublica.com\/index.php\/wp-json\/wp\/v2\/types\/post"}],"author":[{"embeddable":true,"href":"https:\/\/laverdadpublica.com\/index.php\/wp-json\/wp\/v2\/users\/1"}],"replies":[{"embeddable":true,"href":"https:\/\/laverdadpublica.com\/index.php\/wp-json\/wp\/v2\/comments?post=36215"}],"version-history":[{"count":1,"href":"https:\/\/laverdadpublica.com\/index.php\/wp-json\/wp\/v2\/posts\/36215\/revisions"}],"predecessor-version":[{"id":36217,"href":"https:\/\/laverdadpublica.com\/index.php\/wp-json\/wp\/v2\/posts\/36215\/revisions\/36217"}],"wp:featuredmedia":[{"embeddable":true,"href":"https:\/\/laverdadpublica.com\/index.php\/wp-json\/wp\/v2\/media\/36216"}],"wp:attachment":[{"href":"https:\/\/laverdadpublica.com\/index.php\/wp-json\/wp\/v2\/media?parent=36215"}],"wp:term":[{"taxonomy":"category","embeddable":true,"href":"https:\/\/laverdadpublica.com\/index.php\/wp-json\/wp\/v2\/categories?post=36215"},{"taxonomy":"post_tag","embeddable":true,"href":"https:\/\/laverdadpublica.com\/index.php\/wp-json\/wp\/v2\/tags?post=36215"}],"curies":[{"name":"wp","href":"https:\/\/api.w.org\/{rel}","templated":true}]}}