{"id":36304,"date":"2024-12-30T17:43:35","date_gmt":"2024-12-30T17:43:35","guid":{"rendered":"https:\/\/laverdadpublica.com\/?p=36304"},"modified":"2025-01-04T17:45:33","modified_gmt":"2025-01-04T17:45:33","slug":"rd-celebra-llegada-de-visitante-numero-11-millones","status":"publish","type":"post","link":"https:\/\/laverdadpublica.com\/index.php\/2024\/12\/30\/rd-celebra-llegada-de-visitante-numero-11-millones\/","title":{"rendered":"RD celebra llegada de visitante n\u00famero 11 millones"},"content":{"rendered":"<p style=\"text-align: justify;\">En un ambiente lleno de alegr\u00eda y m\u00fasica la Rep\u00fablica Dominicana marc\u00f3 un nuevo hito en su historia tur\u00edstica al recibir al visitante n\u00famero 11 millones de este 2024, consolidando su posici\u00f3n como l\u00edder en el turismo del Caribe.<\/p>\n<p style=\"text-align: justify;\">La familia Pirt, originaria de Canad\u00e1, fue la protagonista de esta ocasi\u00f3n especial. Bruce Pirt, su esposa Kathryn Jennifer Curtis y sus dos hijas, Melissa y Anna, arribaron al Aeropuerto Internacional de Punta Cana en el vuelo 830 de Air Transat procedente de Ottawa. Su llegada, registrada a las 11:30 de la ma\u00f1ana, estuvo acompa\u00f1ada por un recibimiento oficial que incluy\u00f3 presentaciones de merengue y danzas folcl\u00f3ricas.<\/p>\n<p style=\"text-align: justify;\">Los visitantes fueron premiados con una estad\u00eda de una semana en un hotel para su pr\u00f3ximo viaje al pa\u00eds, as\u00ed lo manifest\u00f3 el ministro de Turismo.<\/p>\n<blockquote>\n<p style=\"text-align: justify;\">\u201cEsta tierra siempre ser\u00e1 especial para nosotros\u201d, expres\u00f3 emocionado Bruce, quien revel\u00f3 que hace dos d\u00e9cadas eligieron la Rep\u00fablica Dominicana para su boda. Kathryn, por su parte, destac\u00f3 que las c\u00e1lidas temperaturas y la hospitalidad dominicana son las razones principales para regresar con frecuencia.<\/p>\n<\/blockquote>\n<p>&nbsp;<\/p>\n<p style=\"text-align: justify;\">El ministro de Turismo, David Collado, encabez\u00f3 el evento y comparti\u00f3 su satisfacci\u00f3n por alcanzar esta meta r\u00e9cord, superando la cifra lograda en 2023.<\/p>\n<blockquote>\n<p style=\"text-align: justify;\">\u201cEste logro es un testimonio del compromiso de nuestro pa\u00eds con el turismo sostenible y la calidad del servicio\u201d, expres\u00f3 Collado, quien tambi\u00e9n subray\u00f3 la importancia de los acuerdos de cielos abiertos firmados este a\u00f1o con Estados Unidos y Argentina.<\/p>\n<\/blockquote>\n<p style=\"text-align: justify;\">Con esta cifra hist\u00f3rica, la Rep\u00fablica Dominicana sigue consolid\u00e1ndose como un referente tur\u00edstico global, con un impacto significativo en la econom\u00eda nacional. Para 2025, el objetivo del gobierno es a\u00fan m\u00e1s ambicioso: atraer a 12.5 millones de visitantes, reafirmando su liderazgo en la regi\u00f3n y fortaleciendo su oferta tur\u00edstica.<\/p>\n<p>&nbsp;<\/p>\n<p>Fuente: MITUR<\/p>\n","protected":false},"excerpt":{"rendered":"<p>En un ambiente lleno de alegr\u00eda y m\u00fasica la Rep\u00fablica Dominicana marc\u00f3 un nuevo hito<\/p>\n","protected":false},"author":4,"featured_media":0,"comment_status":"open","ping_status":"open","sticky":false,"template":"","format":"standard","meta":{"footnotes":""},"categories":[11],"tags":[],"class_list":["post-36304","post","type-post","status-publish","format-standard","hentry","category-turismo"],"_links":{"self":[{"href":"https:\/\/laverdadpublica.com\/index.php\/wp-json\/wp\/v2\/posts\/36304","targetHints":{"allow":["GET"]}}],"collection":[{"href":"https:\/\/laverdadpublica.com\/index.php\/wp-json\/wp\/v2\/posts"}],"about":[{"href":"https:\/\/laverdadpublica.com\/index.php\/wp-json\/wp\/v2\/types\/post"}],"author":[{"embeddable":true,"href":"https:\/\/laverdadpublica.com\/index.php\/wp-json\/wp\/v2\/users\/4"}],"replies":[{"embeddable":true,"href":"https:\/\/laverdadpublica.com\/index.php\/wp-json\/wp\/v2\/comments?post=36304"}],"version-history":[{"count":1,"href":"https:\/\/laverdadpublica.com\/index.php\/wp-json\/wp\/v2\/posts\/36304\/revisions"}],"predecessor-version":[{"id":36305,"href":"https:\/\/laverdadpublica.com\/index.php\/wp-json\/wp\/v2\/posts\/36304\/revisions\/36305"}],"wp:attachment":[{"href":"https:\/\/laverdadpublica.com\/index.php\/wp-json\/wp\/v2\/media?parent=36304"}],"wp:term":[{"taxonomy":"category","embeddable":true,"href":"https:\/\/laverdadpublica.com\/index.php\/wp-json\/wp\/v2\/categories?post=36304"},{"taxonomy":"post_tag","embeddable":true,"href":"https:\/\/laverdadpublica.com\/index.php\/wp-json\/wp\/v2\/tags?post=36304"}],"curies":[{"name":"wp","href":"https:\/\/api.w.org\/{rel}","templated":true}]}}