{"id":36355,"date":"2025-01-05T16:03:52","date_gmt":"2025-01-05T16:03:52","guid":{"rendered":"https:\/\/laverdadpublica.com\/?p=36355"},"modified":"2025-01-05T16:03:52","modified_gmt":"2025-01-05T16:03:52","slug":"la-fundacion-thelma-inicia-el-2025-llevando-alegria-a-los-ninos-de-santo-domingo-norte","status":"publish","type":"post","link":"https:\/\/laverdadpublica.com\/index.php\/2025\/01\/05\/la-fundacion-thelma-inicia-el-2025-llevando-alegria-a-los-ninos-de-santo-domingo-norte\/","title":{"rendered":"La Fundaci\u00f3n Thelma inicia el 2025 llevando alegr\u00eda a los ni\u00f1os de Santo Domingo Norte"},"content":{"rendered":"<p style=\"text-align: justify;\"><strong>Santo Domingo Norte,<\/strong> Rep\u00fablica Dominicana \u2013 Este lunes 6 de enero de 2025, la Fundaci\u00f3n Telma marca el inicio del a\u00f1o con una iniciativa que promete dejar una huella en la comunidad de El Bel\u00e9n, en Punta de Villa Mella. En el marco del D\u00eda de Reyes, la fundaci\u00f3n estar\u00e1 entregando juguetes a los ni\u00f1os del sector, llevando sonrisas y esperanza a las familias de la zona.<\/p>\n<p style=\"text-align: justify;\">Esta actividad, impulsada por el compromiso de la Fundaci\u00f3n Thelma con el bienestar de las comunidades m\u00e1s vulnerables, busca no solo alegrar a los m\u00e1s peque\u00f1os, sino tambi\u00e9n fortalecer los lazos comunitarios y brindar un mensaje de esperanza en este nuevo a\u00f1o.<\/p>\n<blockquote>\n<p style=\"text-align: justify;\">\u201cQueremos que este sea el primer paso de un a\u00f1o lleno de proyectos enfocados en el desarrollo social y la felicidad de nuestra gente. Iniciar el 2025 con una sonrisa de un ni\u00f1o es nuestro mejor regalo\u201d, expres\u00f3 Luigui Lopez presidente fundador, y el equipo de la fundaci\u00f3n.<\/p>\n<\/blockquote>\n<p style=\"text-align: justify;\">La entrega de juguetes se llevar\u00e1 a cabo a lo largo del d\u00eda en el barrio El Bel\u00e9n. Esta jornada solidaria refuerza el compromiso de la Fundaci\u00f3n Telma con la transformaci\u00f3n positiva de Santo Domingo Norte, a trav\u00e9s de acciones concretas y solidarias.<\/p>\n<p style=\"text-align: justify;\"><strong>Sobre la Fundaci\u00f3n Thelma<\/strong><\/p>\n<p style=\"text-align: justify;\">La Fundaci\u00f3n Telma es una organizaci\u00f3n sin fines de lucro comprometida con el desarrollo social y el bienestar de las comunidad. A trav\u00e9s de diversas iniciativas, promueve la educaci\u00f3n, la salud y la inclusi\u00f3n social, trabajando incansablemente para construir un mejor futuro para todos.<\/p>\n<p style=\"text-align: justify;\">Para m\u00e1s informaci\u00f3n sobre esta actividad o sobre los proyectos de la Fundaci\u00f3n Thelma, puede comunicarse al @fundacion_thelma @luiguilopez .<\/p>\n<p>Fuente: Com. Fund. Thelma<\/p>\n","protected":false},"excerpt":{"rendered":"<p>Santo Domingo Norte, Rep\u00fablica Dominicana \u2013 Este lunes 6 de enero de 2025, la Fundaci\u00f3n<\/p>\n","protected":false},"author":2,"featured_media":36356,"comment_status":"open","ping_status":"open","sticky":false,"template":"","format":"standard","meta":{"footnotes":""},"categories":[7],"tags":[],"class_list":["post-36355","post","type-post","status-publish","format-standard","has-post-thumbnail","hentry","category-nacionales"],"_links":{"self":[{"href":"https:\/\/laverdadpublica.com\/index.php\/wp-json\/wp\/v2\/posts\/36355","targetHints":{"allow":["GET"]}}],"collection":[{"href":"https:\/\/laverdadpublica.com\/index.php\/wp-json\/wp\/v2\/posts"}],"about":[{"href":"https:\/\/laverdadpublica.com\/index.php\/wp-json\/wp\/v2\/types\/post"}],"author":[{"embeddable":true,"href":"https:\/\/laverdadpublica.com\/index.php\/wp-json\/wp\/v2\/users\/2"}],"replies":[{"embeddable":true,"href":"https:\/\/laverdadpublica.com\/index.php\/wp-json\/wp\/v2\/comments?post=36355"}],"version-history":[{"count":1,"href":"https:\/\/laverdadpublica.com\/index.php\/wp-json\/wp\/v2\/posts\/36355\/revisions"}],"predecessor-version":[{"id":36357,"href":"https:\/\/laverdadpublica.com\/index.php\/wp-json\/wp\/v2\/posts\/36355\/revisions\/36357"}],"wp:featuredmedia":[{"embeddable":true,"href":"https:\/\/laverdadpublica.com\/index.php\/wp-json\/wp\/v2\/media\/36356"}],"wp:attachment":[{"href":"https:\/\/laverdadpublica.com\/index.php\/wp-json\/wp\/v2\/media?parent=36355"}],"wp:term":[{"taxonomy":"category","embeddable":true,"href":"https:\/\/laverdadpublica.com\/index.php\/wp-json\/wp\/v2\/categories?post=36355"},{"taxonomy":"post_tag","embeddable":true,"href":"https:\/\/laverdadpublica.com\/index.php\/wp-json\/wp\/v2\/tags?post=36355"}],"curies":[{"name":"wp","href":"https:\/\/api.w.org\/{rel}","templated":true}]}}