{"id":36809,"date":"2025-01-10T13:35:19","date_gmt":"2025-01-10T13:35:19","guid":{"rendered":"https:\/\/laverdadpublica.com\/?p=36809"},"modified":"2025-01-12T01:35:58","modified_gmt":"2025-01-12T01:35:58","slug":"ministro-paliza-entrega-40-millones-de-pesos-a-alcaldia-de-puerto-plata-para-adquisicion-de-equipos-de-recoleccion-de-residuos","status":"publish","type":"post","link":"https:\/\/laverdadpublica.com\/index.php\/2025\/01\/10\/ministro-paliza-entrega-40-millones-de-pesos-a-alcaldia-de-puerto-plata-para-adquisicion-de-equipos-de-recoleccion-de-residuos\/","title":{"rendered":"Ministro Paliza entrega 40 millones de pesos a Alcald\u00eda de Puerto Plata para adquisici\u00f3n de equipos de recolecci\u00f3n de residuos"},"content":{"rendered":"<blockquote>\n<p style=\"text-align: justify;\">El funcionario particip\u00f3 en una de cinco jornadas de inclusi\u00f3n social en Sosua donde cientos de personas recibieron asistencia<\/p>\n<\/blockquote>\n<p style=\"text-align: justify;\"><strong>Puerto Plata. El<\/strong> ministro de la Presidencia, Jos\u00e9 Ignacio Paliza, entreg\u00f3 este viernes la suma de 40 millones de pesos a la Alcald\u00eda de Puerto Plata, para la adquisici\u00f3n de nuevos equipos de recolecci\u00f3n de basura, con el objetivo de reforzar los servicios de limpieza y gesti\u00f3n de desechos de esta provincia.<\/p>\n<p style=\"text-align: justify;\">El funcionario indic\u00f3 que este aporte reafirma el compromiso del presidente Luis Abinader y su Gobierno con el desarrollo sostenible y la mejora de la calidad de vida de la ciudad, al tiempo que destac\u00f3 que dotar a las autoridades locales de los recursos necesarios contribuir\u00e1 a un entorno m\u00e1s limpio y saludable para sus habitantes.<\/p>\n<blockquote>\n<p style=\"text-align: justify;\">\u201cNo hay mejor forma dentro del Estado de lograr importantes resultados y transformaciones, que fortaleciendo el v\u00ednculo entre el Gobierno y la municipalidad, siendo \u00e9sta \u00faltima el primer contacto del ciudadano con el Estado\u201d, puntualiz\u00f3 Paliza.<\/p>\n<\/blockquote>\n<p style=\"text-align: justify;\">De su lado, el alcalde de Puerto Plata, Roquelito Garc\u00eda, agradeci\u00f3 al Gobierno por la donaci\u00f3n, al mencionar que con la adquisici\u00f3n de estos nuevos camiones, se mejorar\u00e1 significativamente la capacidad de recolecci\u00f3n de basura, lo que permitir\u00e1 reducir el impacto ambiental.<\/p>\n<p style=\"text-align: justify;\"><strong>Jornada de inclusi\u00f3n<\/strong><\/p>\n<p style=\"text-align: justify;\">M\u00e1s temprano, el ministro Jos\u00e9 Ignacio Paliza, encabez\u00f3 una jornada de inclusi\u00f3n social para favorecer a decenas de familias en el municipio Sos\u00faa, en Puerto Plata.<\/p>\n<p style=\"text-align: justify;\">La actividad organizada por el Gabinete de Pol\u00edtica Social, dirigido por Tony Pe\u00f1a Guaba, cont\u00f3 con el respaldo de varias instituciones gubernamentales como: Conadis, Conape, Senasa, Sup\u00e9rate, Inespre, Comedores Econ\u00f3micos; entre otras.<\/p>\n<p style=\"text-align: justify;\">Al referirse a la jornada, el funcionario precis\u00f3 que estas acciones buscan no solo elevar la calidad de vida de las familias m\u00e1s necesitadas, sino tambi\u00e9n, fortalecer los lazos sociales.<\/p>\n<blockquote>\n<p style=\"text-align: justify;\">\u00abEstas iniciativas son importantes, porque la mayor\u00eda de los servicios que se ofrecen aqu\u00ed ser\u00e1n permanentes y muchos de los que presentes recibi<\/p>\n<\/blockquote>\n<p>https:\/\/www.instagram.com\/p\/DEqiB4WpMvi\/?igsh=MWttY3h6bWw1em9udA==<\/p>\n","protected":false},"excerpt":{"rendered":"<p>El funcionario particip\u00f3 en una de cinco jornadas de inclusi\u00f3n social en Sosua donde cientos<\/p>\n","protected":false},"author":1,"featured_media":36811,"comment_status":"open","ping_status":"open","sticky":false,"template":"","format":"standard","meta":{"footnotes":""},"categories":[7],"tags":[],"class_list":["post-36809","post","type-post","status-publish","format-standard","has-post-thumbnail","hentry","category-nacionales"],"_links":{"self":[{"href":"https:\/\/laverdadpublica.com\/index.php\/wp-json\/wp\/v2\/posts\/36809","targetHints":{"allow":["GET"]}}],"collection":[{"href":"https:\/\/laverdadpublica.com\/index.php\/wp-json\/wp\/v2\/posts"}],"about":[{"href":"https:\/\/laverdadpublica.com\/index.php\/wp-json\/wp\/v2\/types\/post"}],"author":[{"embeddable":true,"href":"https:\/\/laverdadpublica.com\/index.php\/wp-json\/wp\/v2\/users\/1"}],"replies":[{"embeddable":true,"href":"https:\/\/laverdadpublica.com\/index.php\/wp-json\/wp\/v2\/comments?post=36809"}],"version-history":[{"count":1,"href":"https:\/\/laverdadpublica.com\/index.php\/wp-json\/wp\/v2\/posts\/36809\/revisions"}],"predecessor-version":[{"id":36812,"href":"https:\/\/laverdadpublica.com\/index.php\/wp-json\/wp\/v2\/posts\/36809\/revisions\/36812"}],"wp:featuredmedia":[{"embeddable":true,"href":"https:\/\/laverdadpublica.com\/index.php\/wp-json\/wp\/v2\/media\/36811"}],"wp:attachment":[{"href":"https:\/\/laverdadpublica.com\/index.php\/wp-json\/wp\/v2\/media?parent=36809"}],"wp:term":[{"taxonomy":"category","embeddable":true,"href":"https:\/\/laverdadpublica.com\/index.php\/wp-json\/wp\/v2\/categories?post=36809"},{"taxonomy":"post_tag","embeddable":true,"href":"https:\/\/laverdadpublica.com\/index.php\/wp-json\/wp\/v2\/tags?post=36809"}],"curies":[{"name":"wp","href":"https:\/\/api.w.org\/{rel}","templated":true}]}}