{"id":37105,"date":"2025-01-15T21:04:59","date_gmt":"2025-01-15T21:04:59","guid":{"rendered":"https:\/\/laverdadpublica.com\/?p=37105"},"modified":"2025-01-15T21:04:59","modified_gmt":"2025-01-15T21:04:59","slug":"fallece-a-los-90-anos-lider-de-la-iglesia-catolica","status":"publish","type":"post","link":"https:\/\/laverdadpublica.com\/index.php\/2025\/01\/15\/fallece-a-los-90-anos-lider-de-la-iglesia-catolica\/","title":{"rendered":"Fallece a los 90 a\u00f1os l\u00edder de la iglesia cat\u00f3lica"},"content":{"rendered":"<p style=\"text-align: justify;\"><strong>Santo Domingo<\/strong>. &#8211; Falleci\u00f3 a la edad de los noventa a\u00f1os la mercenaria y l\u00edder de la iglesia Sagrado Coraz\u00f3n de Jes\u00fas, Irene Mar\u00eda Beltr\u00e9 Veliz.<\/p>\n<p style=\"text-align: justify;\">Beltr\u00e9 Veliz naci\u00f3 en la provincia Espaillat (Moca) el 24 de septiembre de 1935 y falleci\u00f3 el 12 de enero de 2025 en el Hospital F\u00e9lix Mar\u00eda Goico, Santo Domingo, Distrito Nacional.<\/p>\n<p style=\"text-align: justify;\">Como l\u00edder de la iglesia, siempre realizaba servicios en la congregaci\u00f3n y visitas casa por casa a orar por los enfermos.<\/p>\n<p style=\"text-align: justify;\"><strong>Familiar<\/strong><\/p>\n<p style=\"text-align: justify;\">Casada con el se\u00f1or Manuel Jim\u00e9nez, nativo de Moca. Un matrimonio ejemplar con 70 a\u00f1os, sin nunca separarse es un ejemplo para la sociedad.<\/p>\n<p style=\"text-align: justify;\">Procrearon cinco hijos: Yaquelin Jim\u00e9nez Beltr\u00e9, (abogada), Miriam Jim\u00e9nez Beltr\u00e9, Mar\u00eda Jim\u00e9nez Beltr\u00e9, Manuel Antonio Jim\u00e9nez Beltr\u00e9 y Jos\u00e9 Rafael Jim\u00e9nez Beltr\u00e9 (fallecido). Dejando adem\u00e1s nietos y dem\u00e1s familiares, quienes lamentan su partida.<\/p>\n<p style=\"text-align: justify;\">Irenes Maria Beltr\u00e9 , muy querida por todos, por su amor y dedicaci\u00f3n y ejemplo familiar en la Rep\u00fablica Dominicana, se mantuvo unida con su pareja hasta que la muerte lo separ\u00f3.<\/p>\n<p>Fuente: Familia Beltr\u00e9 Veliz<\/p>\n","protected":false},"excerpt":{"rendered":"<p>Santo Domingo. &#8211; Falleci\u00f3 a la edad de los noventa a\u00f1os la mercenaria y l\u00edder<\/p>\n","protected":false},"author":1,"featured_media":37106,"comment_status":"open","ping_status":"open","sticky":false,"template":"","format":"standard","meta":{"footnotes":""},"categories":[7],"tags":[],"class_list":["post-37105","post","type-post","status-publish","format-standard","has-post-thumbnail","hentry","category-nacionales"],"_links":{"self":[{"href":"https:\/\/laverdadpublica.com\/index.php\/wp-json\/wp\/v2\/posts\/37105","targetHints":{"allow":["GET"]}}],"collection":[{"href":"https:\/\/laverdadpublica.com\/index.php\/wp-json\/wp\/v2\/posts"}],"about":[{"href":"https:\/\/laverdadpublica.com\/index.php\/wp-json\/wp\/v2\/types\/post"}],"author":[{"embeddable":true,"href":"https:\/\/laverdadpublica.com\/index.php\/wp-json\/wp\/v2\/users\/1"}],"replies":[{"embeddable":true,"href":"https:\/\/laverdadpublica.com\/index.php\/wp-json\/wp\/v2\/comments?post=37105"}],"version-history":[{"count":1,"href":"https:\/\/laverdadpublica.com\/index.php\/wp-json\/wp\/v2\/posts\/37105\/revisions"}],"predecessor-version":[{"id":37107,"href":"https:\/\/laverdadpublica.com\/index.php\/wp-json\/wp\/v2\/posts\/37105\/revisions\/37107"}],"wp:featuredmedia":[{"embeddable":true,"href":"https:\/\/laverdadpublica.com\/index.php\/wp-json\/wp\/v2\/media\/37106"}],"wp:attachment":[{"href":"https:\/\/laverdadpublica.com\/index.php\/wp-json\/wp\/v2\/media?parent=37105"}],"wp:term":[{"taxonomy":"category","embeddable":true,"href":"https:\/\/laverdadpublica.com\/index.php\/wp-json\/wp\/v2\/categories?post=37105"},{"taxonomy":"post_tag","embeddable":true,"href":"https:\/\/laverdadpublica.com\/index.php\/wp-json\/wp\/v2\/tags?post=37105"}],"curies":[{"name":"wp","href":"https:\/\/api.w.org\/{rel}","templated":true}]}}