{"id":37428,"date":"2025-01-20T12:40:53","date_gmt":"2025-01-20T12:40:53","guid":{"rendered":"https:\/\/laverdadpublica.com\/?p=37428"},"modified":"2025-01-21T01:42:16","modified_gmt":"2025-01-21T01:42:16","slug":"con-ofrenda-floral-en-el-altar-de-la-patria-inician-las-celebraciones-por-el-28-aniversario-del-cesac","status":"publish","type":"post","link":"https:\/\/laverdadpublica.com\/index.php\/2025\/01\/20\/con-ofrenda-floral-en-el-altar-de-la-patria-inician-las-celebraciones-por-el-28-aniversario-del-cesac\/","title":{"rendered":"Con ofrenda floral en el Altar de la Patria, inician las celebraciones por el 28 aniversario del CESAC"},"content":{"rendered":"<p>Por Felix Rubio<\/p>\n<p style=\"text-align: justify;\">El Cuerpo Especializado en Seguridad Aeroportuaria y de la Aviaci\u00f3n Civil (CESAC) di\u00f3 inicio a sus actividades conmemorativas por el 28\u00ba aniversario de su creaci\u00f3n con una significativa ofrenda floral en el Altar de la Patria, en honor a los Padres de la Patria y a la historia que ha forjado la independencia de la naci\u00f3n.<\/p>\n<p style=\"text-align: justify;\">La ceremonia estuvo encabezada por el General de Brigada Piloto Enmanuel Souffront Tamayo, FARD, Director General del CESAC, quien estuvo acompa\u00f1ado por su esposa la licenciada Jenny Guillermo de Souffront, la plana mayor y una representaci\u00f3n de colaboradores de la instituci\u00f3n, los cuales participaron con profundo respeto y solemnidad en este acto, y en el que reafirmaron el compromiso del CESAC con los valores patrios y la seguridad nacional.<\/p>\n<blockquote>\n<p style=\"text-align: justify;\">\u00abHoy rendimos homenaje a nuestros h\u00e9roes nacionales, quienes con su valent\u00eda y sacrificio nos han dejado el legado de una naci\u00f3n libre y soberana. Con este acto simb\u00f3lico, reafirmamos nuestro compromiso con la seguridad y protecci\u00f3n de nuestra aviaci\u00f3n civil y nuestros aeropuertos\u00bb, expres\u00f3 el General Souffront durante la ceremonia.<\/p>\n<\/blockquote>\n<p style=\"text-align: justify;\">Esta actividad marca el inicio de una serie de eventos programados para conmemorar los 28 a\u00f1os de servicio del CESAC, instituci\u00f3n que ha sido clave en el fortalecimiento de la seguridad aeroportuaria y la protecci\u00f3n del espacio a\u00e9reo dominicano.<\/p>\n<p style=\"text-align: justify;\">El CESAC continuar\u00e1 celebrando esta importante conmemoraci\u00f3n con diversas actividades a lo largo de esta semana aniversaria, recordando siempre el esfuerzo y dedicaci\u00f3n de su personal para garantizar la seguridad y el bienestar del pa\u00eds.<\/p>\n<p>&nbsp;<\/p>\n<p>Fuente: Prensa CESAC<\/p>\n","protected":false},"excerpt":{"rendered":"<p>Por Felix Rubio El Cuerpo Especializado en Seguridad Aeroportuaria y de la Aviaci\u00f3n Civil (CESAC)<\/p>\n","protected":false},"author":1,"featured_media":37429,"comment_status":"open","ping_status":"open","sticky":false,"template":"","format":"standard","meta":{"footnotes":""},"categories":[7],"tags":[],"class_list":["post-37428","post","type-post","status-publish","format-standard","has-post-thumbnail","hentry","category-nacionales"],"_links":{"self":[{"href":"https:\/\/laverdadpublica.com\/index.php\/wp-json\/wp\/v2\/posts\/37428","targetHints":{"allow":["GET"]}}],"collection":[{"href":"https:\/\/laverdadpublica.com\/index.php\/wp-json\/wp\/v2\/posts"}],"about":[{"href":"https:\/\/laverdadpublica.com\/index.php\/wp-json\/wp\/v2\/types\/post"}],"author":[{"embeddable":true,"href":"https:\/\/laverdadpublica.com\/index.php\/wp-json\/wp\/v2\/users\/1"}],"replies":[{"embeddable":true,"href":"https:\/\/laverdadpublica.com\/index.php\/wp-json\/wp\/v2\/comments?post=37428"}],"version-history":[{"count":1,"href":"https:\/\/laverdadpublica.com\/index.php\/wp-json\/wp\/v2\/posts\/37428\/revisions"}],"predecessor-version":[{"id":37430,"href":"https:\/\/laverdadpublica.com\/index.php\/wp-json\/wp\/v2\/posts\/37428\/revisions\/37430"}],"wp:featuredmedia":[{"embeddable":true,"href":"https:\/\/laverdadpublica.com\/index.php\/wp-json\/wp\/v2\/media\/37429"}],"wp:attachment":[{"href":"https:\/\/laverdadpublica.com\/index.php\/wp-json\/wp\/v2\/media?parent=37428"}],"wp:term":[{"taxonomy":"category","embeddable":true,"href":"https:\/\/laverdadpublica.com\/index.php\/wp-json\/wp\/v2\/categories?post=37428"},{"taxonomy":"post_tag","embeddable":true,"href":"https:\/\/laverdadpublica.com\/index.php\/wp-json\/wp\/v2\/tags?post=37428"}],"curies":[{"name":"wp","href":"https:\/\/api.w.org\/{rel}","templated":true}]}}