{"id":37537,"date":"2025-01-21T23:15:56","date_gmt":"2025-01-21T23:15:56","guid":{"rendered":"https:\/\/laverdadpublica.com\/?p=37537"},"modified":"2025-01-21T23:15:56","modified_gmt":"2025-01-21T23:15:56","slug":"el-humor-de-el-boricua-se-roba-el-show-en-el-programa-la-cura-con-josel-hernandez-por-power-103-7-fm","status":"publish","type":"post","link":"https:\/\/laverdadpublica.com\/index.php\/2025\/01\/21\/el-humor-de-el-boricua-se-roba-el-show-en-el-programa-la-cura-con-josel-hernandez-por-power-103-7-fm\/","title":{"rendered":"El humor de \u201cEl Boricua\u201d se roba el show en el programa \u201cLa Cura\u201d con Josel Hern\u00e1ndez por Power 103.7 FM"},"content":{"rendered":"<p style=\"text-align: justify;\"><strong>Santo Domingo Este.<\/strong> \u2014 El reconocido humorista Andr\u00e9s Serrano, mejor conocido como \u201cEl Boricua,\u201d continua dejando su sello de ingenio y carisma en cada una de su destacada participaci\u00f3n en el programa radial \u201cLa Cura\u201d, conducido por Josel Hern\u00e1ndez y transmitido por Power 103.7FM.<\/p>\n<p style=\"text-align: justify;\">\u00a0<strong><em>\u201cEl Boricua\u201d<\/em><\/strong> cautiva la audiencia con su caracter\u00edstico humor y an\u00e9cdotas, interactuando de manera din\u00e1mica con los integrantes del programa: Katherine Amesty, Doble J, Liondy Osoria, Rafael Boba, entre otros, quienes aportan frescura y diversidad a este espacio de entretenimiento radial.<\/p>\n<p style=\"text-align: justify;\">El programa, que se transmite de lunes a viernes de 12:00 p.m. a 2:00 p.m., se ha consolidado como un referente en la radio dominicana gracias a su mezcla \u00fanica de humor y actualidad, siendo el lugar ideal para entrevistas exclusivas y la participaci\u00f3n de personalidades destacadas del \u00e1mbito art\u00edstico y cultural.<\/p>\n<p style=\"text-align: justify;\">Andr\u00e9s Serrano, aprovech\u00f3 la ocasi\u00f3n para compartir detalles de sus pr\u00f3ximos proyectos de humor y para reflexionar sobre el impacto del humor en la sociedad dominicana, destacando que la risa sigue siendo una herramienta poderosa para conectar con el p\u00fablico.<\/p>\n<p style=\"text-align: justify;\"><em>\u201cLa Cura\u201d,<\/em> bajo la direcci\u00f3n de Josel Hern\u00e1ndez, ofrece un contenido fresco y relevante para su audiencia, reafirmando su compromiso de llevar alegr\u00eda y entretenimiento a cada rinc\u00f3n del pa\u00eds.<\/p>\n<p>Fuente: Programa Radial \u201cLa Cura\u201d<\/p>\n","protected":false},"excerpt":{"rendered":"<p>Santo Domingo Este. \u2014 El reconocido humorista Andr\u00e9s Serrano, mejor conocido como \u201cEl Boricua,\u201d continua<\/p>\n","protected":false},"author":1,"featured_media":37538,"comment_status":"open","ping_status":"open","sticky":false,"template":"","format":"standard","meta":{"footnotes":""},"categories":[249],"tags":[],"class_list":["post-37537","post","type-post","status-publish","format-standard","has-post-thumbnail","hentry","category-farandula"],"_links":{"self":[{"href":"https:\/\/laverdadpublica.com\/index.php\/wp-json\/wp\/v2\/posts\/37537","targetHints":{"allow":["GET"]}}],"collection":[{"href":"https:\/\/laverdadpublica.com\/index.php\/wp-json\/wp\/v2\/posts"}],"about":[{"href":"https:\/\/laverdadpublica.com\/index.php\/wp-json\/wp\/v2\/types\/post"}],"author":[{"embeddable":true,"href":"https:\/\/laverdadpublica.com\/index.php\/wp-json\/wp\/v2\/users\/1"}],"replies":[{"embeddable":true,"href":"https:\/\/laverdadpublica.com\/index.php\/wp-json\/wp\/v2\/comments?post=37537"}],"version-history":[{"count":1,"href":"https:\/\/laverdadpublica.com\/index.php\/wp-json\/wp\/v2\/posts\/37537\/revisions"}],"predecessor-version":[{"id":37539,"href":"https:\/\/laverdadpublica.com\/index.php\/wp-json\/wp\/v2\/posts\/37537\/revisions\/37539"}],"wp:featuredmedia":[{"embeddable":true,"href":"https:\/\/laverdadpublica.com\/index.php\/wp-json\/wp\/v2\/media\/37538"}],"wp:attachment":[{"href":"https:\/\/laverdadpublica.com\/index.php\/wp-json\/wp\/v2\/media?parent=37537"}],"wp:term":[{"taxonomy":"category","embeddable":true,"href":"https:\/\/laverdadpublica.com\/index.php\/wp-json\/wp\/v2\/categories?post=37537"},{"taxonomy":"post_tag","embeddable":true,"href":"https:\/\/laverdadpublica.com\/index.php\/wp-json\/wp\/v2\/tags?post=37537"}],"curies":[{"name":"wp","href":"https:\/\/api.w.org\/{rel}","templated":true}]}}