{"id":37637,"date":"2025-01-22T08:47:29","date_gmt":"2025-01-22T08:47:29","guid":{"rendered":"https:\/\/laverdadpublica.com\/?p=37637"},"modified":"2025-01-22T02:05:12","modified_gmt":"2025-01-22T02:05:12","slug":"raphy-pina-honra-sus-raices-dominicanas-mi-apellido-representa-a-la-republica-dominicana","status":"publish","type":"post","link":"https:\/\/laverdadpublica.com\/index.php\/2025\/01\/22\/raphy-pina-honra-sus-raices-dominicanas-mi-apellido-representa-a-la-republica-dominicana\/","title":{"rendered":"Raphy Pina honra sus ra\u00edces dominicanas: \u201cMi apellido representa a la Rep\u00fablica Dominicana\u201d"},"content":{"rendered":"<p style=\"text-align: justify;\">El reconocido productor musical y empresario Raphy Pina, actual representante de su esposa, la cantante dominicana Natti Natasha, ha compartido una emotiva reflexi\u00f3n sobre sus ra\u00edces dominicanas y el legado de su padre en la industria musical.<\/p>\n<p style=\"text-align: justify;\">En un mensaje cargado de sentimiento, Pina destac\u00f3 el esfuerzo y sacrificio de su padre, quien naci\u00f3 en 1957 en Alma Rosa, Rep\u00fablica Dominicana, y fue un pionero en la introducci\u00f3n de la m\u00fasica merengue y bachata en Puerto Rico.<\/p>\n<blockquote>\n<p style=\"text-align: justify;\">\u201cMi pap\u00e1 fue el primero en traer a Juan Luis Guerra, a los Hermanos Rosario, a Jochi Hern\u00e1ndez, a la New York Band a Puerto Rico. Preg\u00fantenle a los bachateros qui\u00e9n fue el primero que fund\u00f3 la bachata en la isla\u201d, expres\u00f3 con orgullo.<\/p>\n<\/blockquote>\n<p style=\"text-align: justify;\">Adem\u00e1s, record\u00f3 las dificultades que enfrent\u00f3 su padre en el proceso, mencionando que fue v\u00edctima de discriminaci\u00f3n y rechazo por ser dominicano, pero que nunca dej\u00f3 de luchar por abrir puertas a los artistas de su tierra.<\/p>\n<blockquote>\n<p style=\"text-align: justify;\">\u201cA mi pap\u00e1 lo odiaron por ser dominicano, lo humillaron, le cerraban las puertas. Yo lo ve\u00eda llorando en mi casa porque los negocios no le sal\u00edan\u201d, confes\u00f3 el productor.<\/p>\n<\/blockquote>\n<p style=\"text-align: justify;\">Pina dej\u00f3 claro que su aprecio por la Rep\u00fablica Dominicana es inquebrantable, resaltando que su apellido tiene profundas ra\u00edces en el pa\u00eds y que jam\u00e1s le faltar\u00eda el respeto a la bandera dominicana.<\/p>\n<p style=\"text-align: justify;\">Sus declaraciones han generado una ola de apoyo en redes sociales, donde tanto dominicanos como puertorrique\u00f1os han celebrado su mensaje de unidad y orgullo por su herencia cultural.<\/p>\n<p>&nbsp;<\/p>\n<p>Fuente: RC Noticias<\/p>\n","protected":false},"excerpt":{"rendered":"<p>El reconocido productor musical y empresario Raphy Pina, actual representante de su esposa, la cantante<\/p>\n","protected":false},"author":4,"featured_media":37640,"comment_status":"open","ping_status":"open","sticky":false,"template":"","format":"standard","meta":{"footnotes":""},"categories":[249],"tags":[],"class_list":["post-37637","post","type-post","status-publish","format-standard","has-post-thumbnail","hentry","category-farandula"],"_links":{"self":[{"href":"https:\/\/laverdadpublica.com\/index.php\/wp-json\/wp\/v2\/posts\/37637","targetHints":{"allow":["GET"]}}],"collection":[{"href":"https:\/\/laverdadpublica.com\/index.php\/wp-json\/wp\/v2\/posts"}],"about":[{"href":"https:\/\/laverdadpublica.com\/index.php\/wp-json\/wp\/v2\/types\/post"}],"author":[{"embeddable":true,"href":"https:\/\/laverdadpublica.com\/index.php\/wp-json\/wp\/v2\/users\/4"}],"replies":[{"embeddable":true,"href":"https:\/\/laverdadpublica.com\/index.php\/wp-json\/wp\/v2\/comments?post=37637"}],"version-history":[{"count":1,"href":"https:\/\/laverdadpublica.com\/index.php\/wp-json\/wp\/v2\/posts\/37637\/revisions"}],"predecessor-version":[{"id":37638,"href":"https:\/\/laverdadpublica.com\/index.php\/wp-json\/wp\/v2\/posts\/37637\/revisions\/37638"}],"wp:featuredmedia":[{"embeddable":true,"href":"https:\/\/laverdadpublica.com\/index.php\/wp-json\/wp\/v2\/media\/37640"}],"wp:attachment":[{"href":"https:\/\/laverdadpublica.com\/index.php\/wp-json\/wp\/v2\/media?parent=37637"}],"wp:term":[{"taxonomy":"category","embeddable":true,"href":"https:\/\/laverdadpublica.com\/index.php\/wp-json\/wp\/v2\/categories?post=37637"},{"taxonomy":"post_tag","embeddable":true,"href":"https:\/\/laverdadpublica.com\/index.php\/wp-json\/wp\/v2\/tags?post=37637"}],"curies":[{"name":"wp","href":"https:\/\/api.w.org\/{rel}","templated":true}]}}