{"id":37801,"date":"2025-01-24T21:20:53","date_gmt":"2025-01-24T21:20:53","guid":{"rendered":"https:\/\/laverdadpublica.com\/?p=37801"},"modified":"2025-01-25T01:29:06","modified_gmt":"2025-01-25T01:29:06","slug":"edeeste-mejora-el-alumbrado-publico-en-diversos-sectores-de-la-provincia-santo-domingo-y-el-distrito-nacional","status":"publish","type":"post","link":"https:\/\/laverdadpublica.com\/index.php\/2025\/01\/24\/edeeste-mejora-el-alumbrado-publico-en-diversos-sectores-de-la-provincia-santo-domingo-y-el-distrito-nacional\/","title":{"rendered":"EDEEste Mejora el Alumbrado P\u00fablico en Diversos Sectores de la provincia Santo Domingo y el Distrito Nacional"},"content":{"rendered":"<p style=\"text-align: justify;\"><strong>Santo Domingo, enero de 2025<\/strong>. La Empresa Distribuidora de Electricidad del Este (EDEEste) concluy\u00f3 con \u00e9xito un conjunto de trabajos de mejora en el sistema de alumbrado p\u00fablico en distintos sectores de la provincia Santo Domingo y el Distrito Nacional, como parte de su compromiso con la seguridad y la calidad de vida de sus usuarios.<\/p>\n<p style=\"text-align: justify;\">Durante este mes de enero de 2025, EDEEste se ha ejecutado importantes labores que incluyeron la instalaci\u00f3n, sustituci\u00f3n y normalizaci\u00f3n de luminarias, as\u00ed como el cambio a tecnolog\u00eda LED y el mantenimiento general del alumbrado en v\u00edas principales, residenciales y urbanizaciones.<\/p>\n<p style=\"text-align: justify;\">En total, se logr\u00f3 poner en funcionamiento 993 luminarias, distribuidas entre sectores como el Ensanche Ozama, Gazcue, la Avenida Los Restauradores, la Avenida Ecol\u00f3gica, la Carretera San Felipe de Villa Mella y el Residencial Regina, entre otros. Estos trabajos tambi\u00e9n permitieron atender 51 solicitudes espec\u00edficas realizadas por las comunidades, respondiendo de manera oportuna a las necesidades de los usuarios.<\/p>\n<p style=\"text-align: justify;\">El monto invertido en estos trabajos asciende a RD$12,364,702.63, lo que refleja el compromiso continuo de EDEEste en garantizar la iluminaci\u00f3n adecuada en los espacios p\u00fablicos.<\/p>\n<p style=\"text-align: justify;\">Con estos esfuerzos, EDEEste reafirma su misi\u00f3n de contribuir al bienestar y la seguridad de sus clientes, mientras avanza hacia un sistema de alumbrado p\u00fablico m\u00e1s moderno y sostenible.<\/p>\n<p>Fuente: Dir. Com. EDEEste<\/p>\n","protected":false},"excerpt":{"rendered":"<p>Santo Domingo, enero de 2025. La Empresa Distribuidora de Electricidad del Este (EDEEste) concluy\u00f3 con<\/p>\n","protected":false},"author":1,"featured_media":37802,"comment_status":"open","ping_status":"open","sticky":false,"template":"","format":"standard","meta":{"footnotes":""},"categories":[7],"tags":[],"class_list":["post-37801","post","type-post","status-publish","format-standard","has-post-thumbnail","hentry","category-nacionales"],"_links":{"self":[{"href":"https:\/\/laverdadpublica.com\/index.php\/wp-json\/wp\/v2\/posts\/37801","targetHints":{"allow":["GET"]}}],"collection":[{"href":"https:\/\/laverdadpublica.com\/index.php\/wp-json\/wp\/v2\/posts"}],"about":[{"href":"https:\/\/laverdadpublica.com\/index.php\/wp-json\/wp\/v2\/types\/post"}],"author":[{"embeddable":true,"href":"https:\/\/laverdadpublica.com\/index.php\/wp-json\/wp\/v2\/users\/1"}],"replies":[{"embeddable":true,"href":"https:\/\/laverdadpublica.com\/index.php\/wp-json\/wp\/v2\/comments?post=37801"}],"version-history":[{"count":1,"href":"https:\/\/laverdadpublica.com\/index.php\/wp-json\/wp\/v2\/posts\/37801\/revisions"}],"predecessor-version":[{"id":37803,"href":"https:\/\/laverdadpublica.com\/index.php\/wp-json\/wp\/v2\/posts\/37801\/revisions\/37803"}],"wp:featuredmedia":[{"embeddable":true,"href":"https:\/\/laverdadpublica.com\/index.php\/wp-json\/wp\/v2\/media\/37802"}],"wp:attachment":[{"href":"https:\/\/laverdadpublica.com\/index.php\/wp-json\/wp\/v2\/media?parent=37801"}],"wp:term":[{"taxonomy":"category","embeddable":true,"href":"https:\/\/laverdadpublica.com\/index.php\/wp-json\/wp\/v2\/categories?post=37801"},{"taxonomy":"post_tag","embeddable":true,"href":"https:\/\/laverdadpublica.com\/index.php\/wp-json\/wp\/v2\/tags?post=37801"}],"curies":[{"name":"wp","href":"https:\/\/api.w.org\/{rel}","templated":true}]}}