{"id":37804,"date":"2025-01-24T22:04:47","date_gmt":"2025-01-24T22:04:47","guid":{"rendered":"https:\/\/laverdadpublica.com\/?p=37804"},"modified":"2025-01-25T02:11:06","modified_gmt":"2025-01-25T02:11:06","slug":"walddy-lina-polanco-recibe-el-premio-nevado-solitario-de-oro-2024-en-brasil-por-su-trayectoria-periodistica","status":"publish","type":"post","link":"https:\/\/laverdadpublica.com\/index.php\/2025\/01\/24\/walddy-lina-polanco-recibe-el-premio-nevado-solitario-de-oro-2024-en-brasil-por-su-trayectoria-periodistica\/","title":{"rendered":"Walddy Lina Polanco Recibe el Premio \u201cNevado Solitario de Oro 2024\u201d en Brasil por su Trayectoria Period\u00edstica"},"content":{"rendered":"<blockquote>\n<p style=\"text-align: justify;\">Walddy Lina Polanco sigue cosechando \u00e9xitos internacionales<\/p>\n<\/blockquote>\n<p style=\"text-align: justify;\">Brasil \u2013 La reconocida periodista <em><strong>Walddy Lina Polanco <\/strong><\/em>fue galardonada con el prestigioso reconocimiento internacional iberoamericano <strong><em>Nevado Solitario de Oro 2024<\/em><\/strong>, una distinci\u00f3n que resalta su arduo trabajo y destacada trayectoria en el periodismo.<\/p>\n<p><img decoding=\"async\" class=\"size-medium wp-image-37806 alignleft lazyload\" data-src=\"https:\/\/laverdadpublica.com\/wp-content\/uploads\/2025\/01\/IMG-20250124-WA0266-300x212.jpg\" alt=\"\" width=\"300\" height=\"212\" data-srcset=\"https:\/\/laverdadpublica.com\/wp-content\/uploads\/2025\/01\/IMG-20250124-WA0266-300x212.jpg 300w, https:\/\/laverdadpublica.com\/wp-content\/uploads\/2025\/01\/IMG-20250124-WA0266-1024x724.jpg 1024w, https:\/\/laverdadpublica.com\/wp-content\/uploads\/2025\/01\/IMG-20250124-WA0266-768x543.jpg 768w, https:\/\/laverdadpublica.com\/wp-content\/uploads\/2025\/01\/IMG-20250124-WA0266-1536x1086.jpg 1536w, https:\/\/laverdadpublica.com\/wp-content\/uploads\/2025\/01\/IMG-20250124-WA0266.jpg 1600w\" data-sizes=\"(max-width: 300px) 100vw, 300px\" src=\"data:image\/svg+xml;base64,PHN2ZyB3aWR0aD0iMSIgaGVpZ2h0PSIxIiB4bWxucz0iaHR0cDovL3d3dy53My5vcmcvMjAwMC9zdmciPjwvc3ZnPg==\" style=\"--smush-placeholder-width: 300px; --smush-placeholder-aspect-ratio: 300\/212;\" \/><\/p>\n<p style=\"text-align: justify;\">Este premio, entregado por Sayder SDR, director del certamen en Brasil, consolida a\u00fan m\u00e1s la relevancia de Polanco en el \u00e1mbito medi\u00e1tico internacional. Su trabajo al frente de <strong>CR News, cadena regional de noticias<\/strong> y medio digital que ha ganado r\u00e1pida notoriedad en la comunidad online, fue uno de los factores determinantes para recibir este reconocimiento.<\/p>\n<p style=\"text-align: justify;\">Durante su discurso de aceptaci\u00f3n, Polanco expres\u00f3 su gratitud hacia Sayder SDR y al equipo de CR News, resaltando que este logro no solo es personal, sino tambi\u00e9n un reflejo del impacto de los medios digitales en la sociedad actual.<\/p>\n<p style=\"text-align: justify;\">Con este reconocimiento, Walddy Lina Polanco suma su tercer galard\u00f3n en lo que va del a\u00f1o, reafirmando su posici\u00f3n como una de las periodistas m\u00e1s influyentes de la actualidad. Su dedicaci\u00f3n y profesionalismo contin\u00faan marcando pauta en la industria, dejando una huella imborrable en el periodismo iberoamericano.<\/p>\n<p style=\"text-align: justify;\"><strong>El Nevado Solitario de Oro 2024<\/strong> se une a una lista creciente de logros que demuestran que la excelencia y el compromiso en el periodismo siempre ser\u00e1n reconocidos a nivel internacional.<\/p>\n<p>Fuente: Equipo CRNews<\/p>\n","protected":false},"excerpt":{"rendered":"<p>Walddy Lina Polanco sigue cosechando \u00e9xitos internacionales Brasil \u2013 La reconocida periodista Walddy Lina Polanco<\/p>\n","protected":false},"author":1,"featured_media":37805,"comment_status":"open","ping_status":"open","sticky":false,"template":"","format":"standard","meta":{"footnotes":""},"categories":[16],"tags":[],"class_list":["post-37804","post","type-post","status-publish","format-standard","has-post-thumbnail","hentry","category-internacionales"],"_links":{"self":[{"href":"https:\/\/laverdadpublica.com\/index.php\/wp-json\/wp\/v2\/posts\/37804","targetHints":{"allow":["GET"]}}],"collection":[{"href":"https:\/\/laverdadpublica.com\/index.php\/wp-json\/wp\/v2\/posts"}],"about":[{"href":"https:\/\/laverdadpublica.com\/index.php\/wp-json\/wp\/v2\/types\/post"}],"author":[{"embeddable":true,"href":"https:\/\/laverdadpublica.com\/index.php\/wp-json\/wp\/v2\/users\/1"}],"replies":[{"embeddable":true,"href":"https:\/\/laverdadpublica.com\/index.php\/wp-json\/wp\/v2\/comments?post=37804"}],"version-history":[{"count":1,"href":"https:\/\/laverdadpublica.com\/index.php\/wp-json\/wp\/v2\/posts\/37804\/revisions"}],"predecessor-version":[{"id":37807,"href":"https:\/\/laverdadpublica.com\/index.php\/wp-json\/wp\/v2\/posts\/37804\/revisions\/37807"}],"wp:featuredmedia":[{"embeddable":true,"href":"https:\/\/laverdadpublica.com\/index.php\/wp-json\/wp\/v2\/media\/37805"}],"wp:attachment":[{"href":"https:\/\/laverdadpublica.com\/index.php\/wp-json\/wp\/v2\/media?parent=37804"}],"wp:term":[{"taxonomy":"category","embeddable":true,"href":"https:\/\/laverdadpublica.com\/index.php\/wp-json\/wp\/v2\/categories?post=37804"},{"taxonomy":"post_tag","embeddable":true,"href":"https:\/\/laverdadpublica.com\/index.php\/wp-json\/wp\/v2\/tags?post=37804"}],"curies":[{"name":"wp","href":"https:\/\/api.w.org\/{rel}","templated":true}]}}