{"id":37812,"date":"2025-01-25T14:42:49","date_gmt":"2025-01-25T14:42:49","guid":{"rendered":"https:\/\/laverdadpublica.com\/?p=37812"},"modified":"2025-01-25T14:42:49","modified_gmt":"2025-01-25T14:42:49","slug":"hospital-ney-arias-lora-y-digesett-firman-acuerdo-interinstitucional","status":"publish","type":"post","link":"https:\/\/laverdadpublica.com\/index.php\/2025\/01\/25\/hospital-ney-arias-lora-y-digesett-firman-acuerdo-interinstitucional\/","title":{"rendered":"Hospital Ney Arias Lora y DIGESETT firman acuerdo interinstitucional"},"content":{"rendered":"<blockquote>\n<p style=\"text-align: justify;\">Inauguran Unidad para agilizar reporte de accidentes de tr\u00e1nsito y entrega de certificaciones<\/p>\n<\/blockquote>\n<p style=\"text-align: justify;\"><strong>Santo Domingo<\/strong>. &#8211; El Hospital Universitario Docente Traumatol\u00f3gico Dr. Ney Arias Lora, y la Direcci\u00f3n General de Seguridad de Tr\u00e1nsito y Transporte Terrestre (DIGESETT), firmaron un acuerdo, con la finalidad de garantizar asistencia oportuna a los pacientes que resulten afectados en un accidente de tr\u00e1nsito y requieran alguna documentaci\u00f3n.<\/p>\n<p style=\"text-align: justify;\">El director del centro de trauma, doctor Julio Landr\u00f3n, expres\u00f3 que, al inaugurar la moderna Unidad, se podr\u00e1 atender las solicitudes de evaluaciones y certificaciones que requieran los usuarios que reciban atenciones m\u00e9dicas en el Hospital.<\/p>\n<blockquote>\n<p style=\"text-align: justify;\">\u00abCon esta unidad garantizaremos que los pacientes no tengan que trasladarse al interior del pa\u00eds o a cualquier lugar donde ocurra el accidente, ya que ser\u00e1 certificado y validado por un personal de procedimientos de accidentes de tr\u00e1nsito de la DIGESETT, que permanecer\u00e1 en el \u00e1rea correspondiente de esta unidad en la misma emergencia de nuestro hospital\u00bb, dijo Landr\u00f3n.<\/p>\n<\/blockquote>\n<p style=\"text-align: justify;\">El doctor Landr\u00f3n catalog\u00f3 dicho acuerdo como un paso agigantado y agradeci\u00f3 al director de la DIGESETT, general Francisco Osoria De La Cruz, P.N., quien, tras sostener un encuentro, validaron instalar la Unidad en el hospital de tercer nivel de atenci\u00f3n.<\/p>\n<p style=\"text-align: justify;\">En tanto, el titular de la DIGESETT, general Osoria, indic\u00f3 que dicha unidad permitir\u00e1 que el familiar del paciente agilice las denuncias y pueda levantar el acta sin la necesidad de trasladarse a la jurisdicci\u00f3n donde ocurri\u00f3 el accidente.<\/p>\n<blockquote>\n<p style=\"text-align: justify;\">\u201cPor primera vez en la Rep\u00fablica Dominicana vamos a inaugurar una oficina de procedimiento de accidentes de tr\u00e1nsito, esto es un plan piloto, vamos a iniciar en el Ney Arias Lora, gracias al apoyo del doctor Landr\u00f3n y su iniciativa, aqu\u00ed estamos dejando inaugurado esta oficina\u201d, dijo Osoria.<\/p>\n<\/blockquote>\n<p style=\"text-align: justify;\">De igual forma el director del centro de trauma agreg\u00f3 que con la unidad funcionando, se agilizar\u00e1 el proceso para los procedimientos quir\u00fargicos a los usuarios.<\/p>\n<blockquote>\n<p style=\"text-align: justify;\">\u00abHab\u00eda pacientes que deb\u00edan esperar entre 7 y 8 d\u00edas tratando de conseguir una certificaci\u00f3n de la DIGESETT, si el accidente ocurr\u00eda en alguna provincia o lugar del Gran Santo Domingo, por lo que con la instalaci\u00f3n de esta unidad en menos de 24 horas tendr\u00e1 los documentos pertinentes, lo que facilitar\u00eda la aprobaci\u00f3n del seguro de forma inmediata y que estos pacientes reduzcan su estad\u00eda en dicho centro de salud para ser intervenidos quir\u00fargicamente\u00bb, resalt\u00f3 Landr\u00f3n.<\/p>\n<\/blockquote>\n<p style=\"text-align: justify;\">Ambos funcionarios explicaron que los representantes de la DIGESETT estar\u00e1n de manera permanente en la Unidad que se dej\u00f3 inaugurada en el centro de salud, para garantizar la entrega de la documentaci\u00f3n de forma oportuna a los usuarios.<\/p>\n<p style=\"text-align: justify;\">Luego de dejar inaugurado el espacio f\u00edsico en la emergencia, el director del Ney Arias Lora y el director de la DIGESETT, acompa\u00f1ado de los subdirectores del centro, realizaron un recorrido por las diferentes \u00e1reas del hospital.<\/p>\n<p>Fuente: Depto. Com. DIGESETT<\/p>\n","protected":false},"excerpt":{"rendered":"<p>Inauguran Unidad para agilizar reporte de accidentes de tr\u00e1nsito y entrega de certificaciones Santo Domingo.<\/p>\n","protected":false},"author":1,"featured_media":37813,"comment_status":"open","ping_status":"open","sticky":false,"template":"","format":"standard","meta":{"footnotes":""},"categories":[7],"tags":[],"class_list":["post-37812","post","type-post","status-publish","format-standard","has-post-thumbnail","hentry","category-nacionales"],"_links":{"self":[{"href":"https:\/\/laverdadpublica.com\/index.php\/wp-json\/wp\/v2\/posts\/37812","targetHints":{"allow":["GET"]}}],"collection":[{"href":"https:\/\/laverdadpublica.com\/index.php\/wp-json\/wp\/v2\/posts"}],"about":[{"href":"https:\/\/laverdadpublica.com\/index.php\/wp-json\/wp\/v2\/types\/post"}],"author":[{"embeddable":true,"href":"https:\/\/laverdadpublica.com\/index.php\/wp-json\/wp\/v2\/users\/1"}],"replies":[{"embeddable":true,"href":"https:\/\/laverdadpublica.com\/index.php\/wp-json\/wp\/v2\/comments?post=37812"}],"version-history":[{"count":1,"href":"https:\/\/laverdadpublica.com\/index.php\/wp-json\/wp\/v2\/posts\/37812\/revisions"}],"predecessor-version":[{"id":37814,"href":"https:\/\/laverdadpublica.com\/index.php\/wp-json\/wp\/v2\/posts\/37812\/revisions\/37814"}],"wp:featuredmedia":[{"embeddable":true,"href":"https:\/\/laverdadpublica.com\/index.php\/wp-json\/wp\/v2\/media\/37813"}],"wp:attachment":[{"href":"https:\/\/laverdadpublica.com\/index.php\/wp-json\/wp\/v2\/media?parent=37812"}],"wp:term":[{"taxonomy":"category","embeddable":true,"href":"https:\/\/laverdadpublica.com\/index.php\/wp-json\/wp\/v2\/categories?post=37812"},{"taxonomy":"post_tag","embeddable":true,"href":"https:\/\/laverdadpublica.com\/index.php\/wp-json\/wp\/v2\/tags?post=37812"}],"curies":[{"name":"wp","href":"https:\/\/api.w.org\/{rel}","templated":true}]}}