{"id":37820,"date":"2025-01-23T08:16:01","date_gmt":"2025-01-23T08:16:01","guid":{"rendered":"https:\/\/laverdadpublica.com\/?p=37820"},"modified":"2025-01-25T16:18:58","modified_gmt":"2025-01-25T16:18:58","slug":"23-de-enero-dia-mundial-de-la-libertad-2","status":"publish","type":"post","link":"https:\/\/laverdadpublica.com\/index.php\/2025\/01\/23\/23-de-enero-dia-mundial-de-la-libertad-2\/","title":{"rendered":"23 de enero: D\u00eda Mundial de la Libertad"},"content":{"rendered":"<p style=\"text-align: justify;\">El 23 de enero se celebra el D\u00eda Mundial de la Libertad, con la finalidad de enaltecer la importancia de este derecho universal.<\/p>\n<blockquote>\n<p style=\"text-align: justify;\"><strong>La libertad<\/strong> es concebida como un derecho humano fundamental de las personas, referido a la facultad de los individuos para elegir su forma de vivir, pensar y actuar en la sociedad de manera responsable, sin coerciones ni obligaciones.<\/p>\n<\/blockquote>\n<p style=\"text-align: justify;\">En otras palabras, es la capacidad que tienen las personas de actuar por su propia voluntad, basado en el respeto hacia s\u00ed mismo y a los dem\u00e1s.<\/p>\n<p style=\"text-align: justify;\"><strong>\u00bfPor qu\u00e9 se celebra el D\u00eda Mundial de la Libertad?<\/strong><\/p>\n<p style=\"text-align: justify;\">Con la celebraci\u00f3n del D\u00eda Mundial de la Libertad se pretende resaltar esta modalidad de pensamiento y de acci\u00f3n, de vital importancia para los individuos y las sociedades de todo el mundo.<\/p>\n<p style=\"text-align: justify;\">En relaci\u00f3n a la fecha escogida para la celebraci\u00f3n de esta efem\u00e9ride, est\u00e1 relacionada con algunos hechos relevantes que acontecieron en nombre de la libertad, venciendo a la esclavitud y la opresi\u00f3n.<\/p>\n<p style=\"text-align: justify;\">Al respecto, el 23 de enero de 1954 unos 22.000 prisioneros de guerra chinos (soldados de los ej\u00e9rcitos comunistas chinos y coreano), apresados en Taiw\u00e1n, no quisieron ser repatriados a su pa\u00eds. Ganaron su libertad, gracias al trabajo en conjunto en la zona de guerra de Corea.<\/p>\n<p style=\"text-align: justify;\">Por otra parte, en Venezuela se suscit\u00f3 un hecho hist\u00f3rico el 23 de enero de 1958, cuando se conform\u00f3 una uni\u00f3n c\u00edvico-militar con la participaci\u00f3n del pueblo venezolano, para derrocar la dictadura militar del General Marcos P\u00e9rez Jim\u00e9nez, que reg\u00eda en el pa\u00eds.<\/p>\n<p>Fuente: Dia Internacional De<\/p>\n","protected":false},"excerpt":{"rendered":"<p>El 23 de enero se celebra el D\u00eda Mundial de la Libertad, con la finalidad<\/p>\n","protected":false},"author":2,"featured_media":37822,"comment_status":"open","ping_status":"open","sticky":false,"template":"","format":"standard","meta":{"footnotes":""},"categories":[16],"tags":[],"class_list":["post-37820","post","type-post","status-publish","format-standard","has-post-thumbnail","hentry","category-internacionales"],"_links":{"self":[{"href":"https:\/\/laverdadpublica.com\/index.php\/wp-json\/wp\/v2\/posts\/37820","targetHints":{"allow":["GET"]}}],"collection":[{"href":"https:\/\/laverdadpublica.com\/index.php\/wp-json\/wp\/v2\/posts"}],"about":[{"href":"https:\/\/laverdadpublica.com\/index.php\/wp-json\/wp\/v2\/types\/post"}],"author":[{"embeddable":true,"href":"https:\/\/laverdadpublica.com\/index.php\/wp-json\/wp\/v2\/users\/2"}],"replies":[{"embeddable":true,"href":"https:\/\/laverdadpublica.com\/index.php\/wp-json\/wp\/v2\/comments?post=37820"}],"version-history":[{"count":1,"href":"https:\/\/laverdadpublica.com\/index.php\/wp-json\/wp\/v2\/posts\/37820\/revisions"}],"predecessor-version":[{"id":37821,"href":"https:\/\/laverdadpublica.com\/index.php\/wp-json\/wp\/v2\/posts\/37820\/revisions\/37821"}],"wp:featuredmedia":[{"embeddable":true,"href":"https:\/\/laverdadpublica.com\/index.php\/wp-json\/wp\/v2\/media\/37822"}],"wp:attachment":[{"href":"https:\/\/laverdadpublica.com\/index.php\/wp-json\/wp\/v2\/media?parent=37820"}],"wp:term":[{"taxonomy":"category","embeddable":true,"href":"https:\/\/laverdadpublica.com\/index.php\/wp-json\/wp\/v2\/categories?post=37820"},{"taxonomy":"post_tag","embeddable":true,"href":"https:\/\/laverdadpublica.com\/index.php\/wp-json\/wp\/v2\/tags?post=37820"}],"curies":[{"name":"wp","href":"https:\/\/api.w.org\/{rel}","templated":true}]}}