{"id":38295,"date":"2025-01-30T22:56:09","date_gmt":"2025-01-30T22:56:09","guid":{"rendered":"https:\/\/laverdadpublica.com\/?p=38295"},"modified":"2025-01-30T22:56:09","modified_gmt":"2025-01-30T22:56:09","slug":"gala-media-group-reconoce-a-ramon-gabriel-aguilera-como-joven-del-ano-2025","status":"publish","type":"post","link":"https:\/\/laverdadpublica.com\/index.php\/2025\/01\/30\/gala-media-group-reconoce-a-ramon-gabriel-aguilera-como-joven-del-ano-2025\/","title":{"rendered":"Gala Media Group reconoce a Ram\u00f3n Gabriel Aguilera como Joven del A\u00f1o 2025"},"content":{"rendered":"<p style=\"text-align: justify;\">La Asociaci\u00f3n Nacional de Productores de Asfalto (ANPRAS) se enorgullece en anunciar que su presidente, el Ing. Ram\u00f3n Gabriel Aguilera, ha sido distinguido con el Premio Joven del A\u00f1o 2025, en su XIII edici\u00f3n. Este reconocimiento, otorgado por Gala Media Group, destaca su liderazgo como joven empresario en el sector de la construcci\u00f3n, su visi\u00f3n innovadora y su impacto en el desarrollo de la infraestructura vial en la Rep\u00fablica Dominicana.<\/p>\n<p style=\"text-align: justify;\">La premiaci\u00f3n tuvo lugar durante el Foro \u00abJ\u00f3venes que Transforman: Historias de Superaci\u00f3n, Inspiraci\u00f3n y Liderazgo\u00bb, un evento organizado por Gala Media Group, que celebra el talento de j\u00f3venes profesionales que est\u00e1n dejando su huella en distintos \u00e1mbitos de la sociedad.<\/p>\n<p style=\"text-align: justify;\">Como presidente de ANPRAS, el Ing. Aguilera ha trabajado para fortalecer el sector, promoviendo iniciativas que elevan los est\u00e1ndares de calidad y eficiencia en la infraestructura vial. Su reconocimiento reafirma la importancia de la juventud en la construcci\u00f3n del futuro del pa\u00eds y la capacidad de los j\u00f3venes empresarios para generar un impacto positivo a nivel nacional.<\/p>\n<p style=\"text-align: justify;\">Desde ANPRAS, felicitamos a nuestro presidente por este merecido logro y celebramos su compromiso con la innovaci\u00f3n, el desarrollo sostenible y el crecimiento del sector.<\/p>\n<p style=\"text-align: justify;\"><strong>Sobre ANPRAS<\/strong><\/p>\n<p style=\"text-align: justify;\">La Asociaci\u00f3n Nacional de Productores de Asfalto (ANPRAS) es una organizaci\u00f3n comprometida con el desarrollo, la innovaci\u00f3n y la sostenibilidad en la producci\u00f3n de asfalto y la infraestructura vial en la Rep\u00fablica Dominicana.<\/p>\n<p>Fuente: Prensa ANPRAS<\/p>\n","protected":false},"excerpt":{"rendered":"<p>La Asociaci\u00f3n Nacional de Productores de Asfalto (ANPRAS) se enorgullece en anunciar que su presidente,<\/p>\n","protected":false},"author":2,"featured_media":38296,"comment_status":"open","ping_status":"open","sticky":false,"template":"","format":"standard","meta":{"footnotes":""},"categories":[7],"tags":[],"class_list":["post-38295","post","type-post","status-publish","format-standard","has-post-thumbnail","hentry","category-nacionales"],"_links":{"self":[{"href":"https:\/\/laverdadpublica.com\/index.php\/wp-json\/wp\/v2\/posts\/38295","targetHints":{"allow":["GET"]}}],"collection":[{"href":"https:\/\/laverdadpublica.com\/index.php\/wp-json\/wp\/v2\/posts"}],"about":[{"href":"https:\/\/laverdadpublica.com\/index.php\/wp-json\/wp\/v2\/types\/post"}],"author":[{"embeddable":true,"href":"https:\/\/laverdadpublica.com\/index.php\/wp-json\/wp\/v2\/users\/2"}],"replies":[{"embeddable":true,"href":"https:\/\/laverdadpublica.com\/index.php\/wp-json\/wp\/v2\/comments?post=38295"}],"version-history":[{"count":1,"href":"https:\/\/laverdadpublica.com\/index.php\/wp-json\/wp\/v2\/posts\/38295\/revisions"}],"predecessor-version":[{"id":38297,"href":"https:\/\/laverdadpublica.com\/index.php\/wp-json\/wp\/v2\/posts\/38295\/revisions\/38297"}],"wp:featuredmedia":[{"embeddable":true,"href":"https:\/\/laverdadpublica.com\/index.php\/wp-json\/wp\/v2\/media\/38296"}],"wp:attachment":[{"href":"https:\/\/laverdadpublica.com\/index.php\/wp-json\/wp\/v2\/media?parent=38295"}],"wp:term":[{"taxonomy":"category","embeddable":true,"href":"https:\/\/laverdadpublica.com\/index.php\/wp-json\/wp\/v2\/categories?post=38295"},{"taxonomy":"post_tag","embeddable":true,"href":"https:\/\/laverdadpublica.com\/index.php\/wp-json\/wp\/v2\/tags?post=38295"}],"curies":[{"name":"wp","href":"https:\/\/api.w.org\/{rel}","templated":true}]}}