{"id":38563,"date":"2025-02-02T23:06:13","date_gmt":"2025-02-02T23:06:13","guid":{"rendered":"https:\/\/laverdadpublica.com\/?p=38563"},"modified":"2025-02-02T23:29:25","modified_gmt":"2025-02-02T23:29:25","slug":"duartianos-en-caravana-por-la-patria-celebran-la-historia-y-el-orgullo-dominicano","status":"publish","type":"post","link":"https:\/\/laverdadpublica.com\/index.php\/2025\/02\/02\/duartianos-en-caravana-por-la-patria-celebran-la-historia-y-el-orgullo-dominicano\/","title":{"rendered":"Duartianos en \u201cCaravana por la Patria\u201d celebran la historia y el orgullo dominicano"},"content":{"rendered":"<blockquote>\n<p style=\"text-align: justify;\">Decenas de autos antiguos desfilaron en la capital por el natalicio de Juan Pablo Duarte y por el mes de la patria. En el evento, el presidente del Instituto Duartiano, Wilson G\u00f3mez Ram\u00edrez, exigi\u00f3 firmeza al gobierno en las conversaciones que tendr\u00e1 con el secretario de Estado de los EEUU, Marco Rubio, quien visitar\u00e1 el pa\u00eds este mi\u00e9rcoles.<\/p>\n<\/blockquote>\n<p style=\"text-align: justify;\"><strong>Santo Domingo,<\/strong> R.D.- La \u00abCaravana por la Patria 2025\u00bb, organizada por el Instituto Duartiano y los principales clubes de autos antiguos y cl\u00e1sicos del pa\u00eds, se convirti\u00f3 este domingo en un evento memorable que llen\u00f3 las v\u00edas de Santo Domingo con el esplendor de singulares veh\u00edculos y el fervor patri\u00f3tico.<img decoding=\"async\" class=\"size-medium wp-image-38576 alignright lazyload\" data-src=\"https:\/\/laverdadpublica.com\/wp-content\/uploads\/2025\/02\/IMG-20250202-WA01081-142x300.jpg\" alt=\"\" width=\"142\" height=\"300\" data-srcset=\"https:\/\/laverdadpublica.com\/wp-content\/uploads\/2025\/02\/IMG-20250202-WA01081-142x300.jpg 142w, https:\/\/laverdadpublica.com\/wp-content\/uploads\/2025\/02\/IMG-20250202-WA01081-485x1024.jpg 485w, https:\/\/laverdadpublica.com\/wp-content\/uploads\/2025\/02\/IMG-20250202-WA01081-768x1621.jpg 768w, https:\/\/laverdadpublica.com\/wp-content\/uploads\/2025\/02\/IMG-20250202-WA01081-728x1536.jpg 728w, https:\/\/laverdadpublica.com\/wp-content\/uploads\/2025\/02\/IMG-20250202-WA01081-970x2048.jpg 970w, https:\/\/laverdadpublica.com\/wp-content\/uploads\/2025\/02\/IMG-20250202-WA01081-scaled.jpg 1213w\" data-sizes=\"(max-width: 142px) 100vw, 142px\" src=\"data:image\/svg+xml;base64,PHN2ZyB3aWR0aD0iMSIgaGVpZ2h0PSIxIiB4bWxucz0iaHR0cDovL3d3dy53My5vcmcvMjAwMC9zdmciPjwvc3ZnPg==\" style=\"--smush-placeholder-width: 142px; --smush-placeholder-aspect-ratio: 142\/300;\" \/><\/p>\n<p style=\"text-align: justify;\">El desfile, que comenz\u00f3 en la hist\u00f3rica Puerta de San Diego, en la avenida del Puerto, y culmin\u00f3 en el Altar de la Patria, reuni\u00f3 a decenas de veh\u00edculos de diferentes \u00e9pocas, algunos con m\u00e1s de 70 a\u00f1os de antig\u00fcedad, que recorrieron las principales avenidas de la ciudad, llevando consigo la historia y el orgullo de la Rep\u00fablica Dominicana.<\/p>\n<p style=\"text-align: justify;\">La <em>\u00abCaravana por la Patria\u00bb<\/em> se ha convertido en una tradici\u00f3n anual que no solo celebra el natalicio de Juan Pablo Duarte, padre de la Patria, sino que tambi\u00e9n rinde homenaje a la rica historia automovil\u00edstica del pa\u00eds, resalt\u00f3 el presidente del Instituto Duartiano, Wilson G\u00f3mez Ram\u00edrez.<\/p>\n<p style=\"text-align: justify;\">Los asistentes a la caravana y cientos de transe\u00fantes tuvieron la oportunidad de admirar de cerca estos veh\u00edculos ic\u00f3nicos, que representan una parte importante del patrimonio cultural dominicano, honrando la memoria de Juan Pablo Duarte y promoviendo los valores patrios.<\/p>\n<blockquote>\n<p style=\"text-align: justify;\">\u00abLa Caravana por la Patria no solo es un homenaje a Juan Pablo Duarte, sino tambi\u00e9n una forma de destacar la historia de la Rep\u00fablica Dominicana a trav\u00e9s de estos veh\u00edculos cl\u00e1sicos, que siguen siendo un s\u00edmbolo de nuestra identidad y orgullo nacional\u00bb, afirm\u00f3 G\u00f3mez Ram\u00edrez.<\/p>\n<\/blockquote>\n<p><strong>La ruta del desfile<img decoding=\"async\" class=\"size-medium wp-image-38565 alignleft lazyload\" data-src=\"https:\/\/laverdadpublica.com\/wp-content\/uploads\/2025\/02\/IMG-20250202-WA0106-142x300.jpg\" alt=\"\" width=\"142\" height=\"300\" data-srcset=\"https:\/\/laverdadpublica.com\/wp-content\/uploads\/2025\/02\/IMG-20250202-WA0106-142x300.jpg 142w, https:\/\/laverdadpublica.com\/wp-content\/uploads\/2025\/02\/IMG-20250202-WA0106-485x1024.jpg 485w, https:\/\/laverdadpublica.com\/wp-content\/uploads\/2025\/02\/IMG-20250202-WA0106-768x1623.jpg 768w, https:\/\/laverdadpublica.com\/wp-content\/uploads\/2025\/02\/IMG-20250202-WA0106-727x1536.jpg 727w, https:\/\/laverdadpublica.com\/wp-content\/uploads\/2025\/02\/IMG-20250202-WA0106-969x2048.jpg 969w, https:\/\/laverdadpublica.com\/wp-content\/uploads\/2025\/02\/IMG-20250202-WA0106-scaled.jpg 1211w\" data-sizes=\"(max-width: 142px) 100vw, 142px\" src=\"data:image\/svg+xml;base64,PHN2ZyB3aWR0aD0iMSIgaGVpZ2h0PSIxIiB4bWxucz0iaHR0cDovL3d3dy53My5vcmcvMjAwMC9zdmciPjwvc3ZnPg==\" style=\"--smush-placeholder-width: 142px; --smush-placeholder-aspect-ratio: 142\/300;\" \/><\/strong><\/p>\n<p style=\"text-align: justify;\">Inici\u00f3 con una breve ceremonia en la Puerta de San Diego, en la Ciudad Colonial, en la avenida Francisco Alberto Caama\u00f1o De\u00f1\u00f3, con las palabras de los presidentes de los Duartianos, G\u00f3mez Ram\u00edrez y del Club de Autos Antiguos y Cl\u00e1sicos de la Rep\u00fablica Dominicana (CAACRD), Pedro Valdez.<\/p>\n<p style=\"text-align: justify;\">Desde ese punto avanz\u00f3 por las v\u00edas Presidente Billini, George Washington; Rafael Damir\u00f3n, Jim\u00e9nez Moya, Winston Churchill, Gustavo Mej\u00eda Ricart, Abraham Lincoln, 27 de Febrero y Tiradentes. Luego continu\u00f3 por las avenidas John F. Kennedy, M\u00e1ximo G\u00f3mez, Independencia, calles Arzobispo Nouel, Palo Hincado y lleg\u00f3 para finalizar al Altar de la Patria, en el Parque Independencia.<\/p>\n<p style=\"text-align: justify;\"><strong>Clubes de autos participantes<\/strong><\/p>\n<p style=\"text-align: justify;\"><img decoding=\"async\" class=\"size-medium wp-image-38568 alignright lazyload\" data-src=\"https:\/\/laverdadpublica.com\/wp-content\/uploads\/2025\/02\/IMG-20250202-WA0100-142x300.jpg\" alt=\"\" width=\"142\" height=\"300\" data-srcset=\"https:\/\/laverdadpublica.com\/wp-content\/uploads\/2025\/02\/IMG-20250202-WA0100-142x300.jpg 142w, https:\/\/laverdadpublica.com\/wp-content\/uploads\/2025\/02\/IMG-20250202-WA0100-485x1024.jpg 485w, https:\/\/laverdadpublica.com\/wp-content\/uploads\/2025\/02\/IMG-20250202-WA0100-768x1621.jpg 768w, https:\/\/laverdadpublica.com\/wp-content\/uploads\/2025\/02\/IMG-20250202-WA0100-728x1536.jpg 728w, https:\/\/laverdadpublica.com\/wp-content\/uploads\/2025\/02\/IMG-20250202-WA0100-970x2048.jpg 970w, https:\/\/laverdadpublica.com\/wp-content\/uploads\/2025\/02\/IMG-20250202-WA0100-scaled.jpg 1213w\" data-sizes=\"(max-width: 142px) 100vw, 142px\" src=\"data:image\/svg+xml;base64,PHN2ZyB3aWR0aD0iMSIgaGVpZ2h0PSIxIiB4bWxucz0iaHR0cDovL3d3dy53My5vcmcvMjAwMC9zdmciPjwvc3ZnPg==\" style=\"--smush-placeholder-width: 142px; --smush-placeholder-aspect-ratio: 142\/300;\" \/>Participaron las organizaciones m\u00e1s importantes del pa\u00eds que agrupan a aficionados, como el Club de Autos Antiguos y Cl\u00e1sicos de la Rep\u00fablica Dominicana (CAACRD), Club Caprice Classic de la Rep\u00fablica Dominicana, Club Dominicano de Volkswagen Cepillo, GM Power de la Rep\u00fablica Dominicana y Coleccionistas Dominicanos de Autos Antiguos (CDAA).<\/p>\n<p style=\"text-align: justify;\">Tambi\u00e9n, el Club Mustang de la Rep\u00fablica Dominicana, Mercedes Benz Classic Club de la Rep\u00fablica Dominicana y Club Cars &amp; Coffee de la Rep\u00fablica Dominicana.<\/p>\n<p style=\"text-align: justify;\"><strong>Exige firmeza ante EEUU en visita del secretario de Estado Marco Rubio<\/strong><\/p>\n<p style=\"text-align: justify;\">El presidente del Instituto Duartiano, doctor Wilson G\u00f3mez Ram\u00edrez, aprovech\u00f3 la \u00abCaravana por la Patria\u00bb celebrada este domingo para exigir firmeza al gobierno dominicano en las conversaciones que sostendr\u00e1 con el secretario de Estado de los Estados Unidos, Marco Rubio, quien visitar\u00e1 el pa\u00eds el pr\u00f3ximo mi\u00e9rcoles.<\/p>\n<p style=\"text-align: justify;\">G\u00f3mez Ram\u00edrez enfatiz\u00f3 la necesidad de que la Rep\u00fablica Dominicana mantenga su soberan\u00eda e intereses supremos en cualquier acuerdo que se alcance con la naci\u00f3n norteamericana.<\/p>\n<blockquote>\n<p style=\"text-align: justify;\">\u00abTodo acuerdo tiene que adoptarse sin lesionar en nada los intereses de la Rep\u00fablica Dominicana\u00bb, declar\u00f3.<\/p>\n<\/blockquote>\n<p style=\"text-align: justify;\">Si bien reconoci\u00f3 la buena actitud mostrada por el secretario Rubio hacia los dominicanos, el presidente del Instituto Duartiano inst\u00f3 a las autoridades a<em> \u00abhablar de igual a igual, sin asomo de sumisi\u00f3n\u00bb, recordando las palabras del padre de la Patria, Juan Pablo Duarte: \u00abTenemos que mostrarnos justos y en\u00e9rgicos\u00bb.<\/em><\/p>\n<p style=\"text-align: justify;\">La visita de Rubio, seg\u00fan G\u00f3mez Ram\u00edrez, representa una oportunidad crucial para que la comunidad internacional, liderada por Estados Unidos, acuda en auxilio de Hait\u00ed.<\/p>\n<blockquote>\n<p style=\"text-align: justify;\">\u00abEs impostergable que se brinde ayuda a Hait\u00ed para que se levanten sus columnas institucionales, se trabaje en la pacificaci\u00f3n y seguridad, su impulso econ\u00f3mico, su registro civil, en un padr\u00f3n de electores, en la documentaci\u00f3n de sus gentes, etc.\u00bb, declar\u00f3.<\/p>\n<\/blockquote>\n<p style=\"text-align: justify;\">El doctor G\u00f3mez Ram\u00edrez fue contundente al afirmar que, si la visita del secretario Rubio no se traduce en acciones concretas para resolver la crisis haitiana,<em> \u00abdevendr\u00e1 en frustratoria para toda la regi\u00f3n\u00bb.<\/em><\/p>\n<p><strong>Sobre el Instituto Duartiano<\/strong><\/p>\n<p style=\"text-align: justify;\">El Instituto Duartiano es un organismo de car\u00e1cter oficial y aut\u00f3nomo, fundado el 26 de enero de 1964. La Ley n\u00famero 127-01, del 27 de julio de 2001, le otorg\u00f3 autonom\u00eda. Tiene como objetivo promover la difusi\u00f3n de los ideales, la vida y el ejemplo del patricio Juan Pablo Duarte, as\u00ed como los valores patrios y los gloriosos acontecimientos hist\u00f3ricos de nuestro pa\u00eds.<\/p>\n<p style=\"text-align: justify;\">Esta es la instituci\u00f3n responsable de velar por el respeto a la memoria del Patricio y por preservar su imagen y buen nombre. Tiene la misi\u00f3n de llevar al pueblo dominicano la historia de Juan Pablo Duarte y tratar de que, por medio del conocimiento de sus ideales, laboriosidad, honestidad acrisolada, patriotismo, esp\u00edritu de servicio y vida ejemplar, exista un mejor ciudadano y una patria justa y feliz, como la so\u00f1\u00f3 el padre de la Patria.<\/p>\n<p>Fuente: Enver L\u00f3pez Milander<\/p>\n","protected":false},"excerpt":{"rendered":"<p>Decenas de autos antiguos desfilaron en la capital por el natalicio de Juan Pablo Duarte<\/p>\n","protected":false},"author":1,"featured_media":38568,"comment_status":"open","ping_status":"open","sticky":false,"template":"","format":"standard","meta":{"footnotes":""},"categories":[7],"tags":[],"class_list":["post-38563","post","type-post","status-publish","format-standard","has-post-thumbnail","hentry","category-nacionales"],"_links":{"self":[{"href":"https:\/\/laverdadpublica.com\/index.php\/wp-json\/wp\/v2\/posts\/38563","targetHints":{"allow":["GET"]}}],"collection":[{"href":"https:\/\/laverdadpublica.com\/index.php\/wp-json\/wp\/v2\/posts"}],"about":[{"href":"https:\/\/laverdadpublica.com\/index.php\/wp-json\/wp\/v2\/types\/post"}],"author":[{"embeddable":true,"href":"https:\/\/laverdadpublica.com\/index.php\/wp-json\/wp\/v2\/users\/1"}],"replies":[{"embeddable":true,"href":"https:\/\/laverdadpublica.com\/index.php\/wp-json\/wp\/v2\/comments?post=38563"}],"version-history":[{"count":5,"href":"https:\/\/laverdadpublica.com\/index.php\/wp-json\/wp\/v2\/posts\/38563\/revisions"}],"predecessor-version":[{"id":38577,"href":"https:\/\/laverdadpublica.com\/index.php\/wp-json\/wp\/v2\/posts\/38563\/revisions\/38577"}],"wp:featuredmedia":[{"embeddable":true,"href":"https:\/\/laverdadpublica.com\/index.php\/wp-json\/wp\/v2\/media\/38568"}],"wp:attachment":[{"href":"https:\/\/laverdadpublica.com\/index.php\/wp-json\/wp\/v2\/media?parent=38563"}],"wp:term":[{"taxonomy":"category","embeddable":true,"href":"https:\/\/laverdadpublica.com\/index.php\/wp-json\/wp\/v2\/categories?post=38563"},{"taxonomy":"post_tag","embeddable":true,"href":"https:\/\/laverdadpublica.com\/index.php\/wp-json\/wp\/v2\/tags?post=38563"}],"curies":[{"name":"wp","href":"https:\/\/api.w.org\/{rel}","templated":true}]}}