{"id":38642,"date":"2025-02-03T00:12:41","date_gmt":"2025-02-03T00:12:41","guid":{"rendered":"https:\/\/laverdadpublica.com\/?p=38642"},"modified":"2025-02-04T00:15:22","modified_gmt":"2025-02-04T00:15:22","slug":"sebas-lenni-estrenan-tema-musical-hasta-cuando","status":"publish","type":"post","link":"https:\/\/laverdadpublica.com\/index.php\/2025\/02\/03\/sebas-lenni-estrenan-tema-musical-hasta-cuando\/","title":{"rendered":"Sebas &#038; Lenni estrenan tema musical \u00abHasta cu\u00e1ndo\u00bb"},"content":{"rendered":"<blockquote>\n<p style=\"text-align: justify;\">Un sonido innovador que fusiona ritmos afro house con una energ\u00eda \u00fanica<\/p>\n<\/blockquote>\n<p style=\"text-align: justify;\"><strong>Miami-<\/strong> La m\u00fasica latina recibe una nueva dosis de frescura con el lanzamiento de \u201cHasta cu\u00e1ndo\u201d, el m\u00e1s reciente sencillo de Sebas &amp; Lenni. Esta canci\u00f3n, promete ser un referente musical con una mezcla innovadora de ritmos afro house, se consolida como un himno para quienes buscan una experiencia sonora vibrante y llena de energ\u00eda.<img decoding=\"async\" class=\"size-medium wp-image-38635 alignright lazyload\" data-src=\"https:\/\/laverdadpublica.com\/wp-content\/uploads\/2025\/02\/IMG-20250203-WA0108-300x201.jpg\" alt=\"\" width=\"300\" height=\"201\" data-srcset=\"https:\/\/laverdadpublica.com\/wp-content\/uploads\/2025\/02\/IMG-20250203-WA0108-300x201.jpg 300w, https:\/\/laverdadpublica.com\/wp-content\/uploads\/2025\/02\/IMG-20250203-WA0108-1024x685.jpg 1024w, https:\/\/laverdadpublica.com\/wp-content\/uploads\/2025\/02\/IMG-20250203-WA0108-768x514.jpg 768w, https:\/\/laverdadpublica.com\/wp-content\/uploads\/2025\/02\/IMG-20250203-WA0108.jpg 1467w\" data-sizes=\"(max-width: 300px) 100vw, 300px\" src=\"data:image\/svg+xml;base64,PHN2ZyB3aWR0aD0iMSIgaGVpZ2h0PSIxIiB4bWxucz0iaHR0cDovL3d3dy53My5vcmcvMjAwMC9zdmciPjwvc3ZnPg==\" style=\"--smush-placeholder-width: 300px; --smush-placeholder-aspect-ratio: 300\/201;\" \/><\/p>\n<p style=\"text-align: justify;\">Sebastian Antonio N\u00fa\u00f1ez y Kederd Lenninyer V\u00e1zquez Oropeza, mejor conocidos como Sebas &amp; Lenni, han trabajado incansablemente para dar vida a una identidad musical \u00fanica que conecte culturas a trav\u00e9s de los ritmos. Su nueva propuesta musical se destaca por su estilo y una producci\u00f3n impecable que resalta el talento de estos dos j\u00f3venes como artistas y compositores emergentes en la escena latina.<\/p>\n<p style=\"text-align: justify;\">El lanzamiento de <em>\u201cHasta cu\u00e1ndo\u201d<\/em> viene acompa\u00f1ado de un impactante video musical, el cual traslada al p\u00fablico a una puesta en escena llena de ritmos y energ\u00edas. Rodado en diversas locaciones, usando elementos como un U-Haul, un carro de noche, un estudio musical y fondos blancos, la narrativa culmina en una playa nocturna, capturando la esencia de la canci\u00f3n y la energ\u00eda de Sebas &amp; Lenni.<\/p>\n<p style=\"text-align: justify;\">Para celebrar este estreno, Sebas &amp; Lenni estuvieron presentando un exclusivo show musical en Joy Studios en Miami, donde ofrecieron a su p\u00fablico una experiencia en vivo llena de emoci\u00f3n y buenas vibras.<\/p>\n<blockquote>\n<p style=\"text-align: justify;\">\u201cEste proyecto es el inicio de una nueva etapa en nuestra carrera. Queremos que nuestra m\u00fasica inspire, conecte y traspase fronteras\u201d, expresaron los artistas, quienes contin\u00faan evolucionando con cada lanzamiento.<\/p>\n<\/blockquote>\n<p style=\"text-align: justify;\"><img decoding=\"async\" class=\"size-medium wp-image-38636 alignleft lazyload\" data-src=\"https:\/\/laverdadpublica.com\/wp-content\/uploads\/2025\/02\/IMG-20250203-WA0107-300x200.jpg\" alt=\"\" width=\"300\" height=\"200\" data-srcset=\"https:\/\/laverdadpublica.com\/wp-content\/uploads\/2025\/02\/IMG-20250203-WA0107-300x200.jpg 300w, https:\/\/laverdadpublica.com\/wp-content\/uploads\/2025\/02\/IMG-20250203-WA0107-768x511.jpg 768w, https:\/\/laverdadpublica.com\/wp-content\/uploads\/2025\/02\/IMG-20250203-WA0107.jpg 855w\" data-sizes=\"(max-width: 300px) 100vw, 300px\" src=\"data:image\/svg+xml;base64,PHN2ZyB3aWR0aD0iMSIgaGVpZ2h0PSIxIiB4bWxucz0iaHR0cDovL3d3dy53My5vcmcvMjAwMC9zdmciPjwvc3ZnPg==\" style=\"--smush-placeholder-width: 300px; --smush-placeholder-aspect-ratio: 300\/200;\" \/>Con \u201cHasta cu\u00e1ndo\u201d, Sebas &amp; Lenni marcan el inicio de una serie de estrenos que incluyen su pr\u00f3ximo sencillo \u201cShow Love\u201d, reforzando su prop\u00f3sito de unir culturas a trav\u00e9s de la m\u00fasica.<\/p>\n<p style=\"text-align: justify;\">Escucha \u201cHasta cu\u00e1ndo\u201d en todas las plataformas digitales, en el Instagram: @sebasylenni y disfruta del video oficial en YouTube \u00abSEBAS Y LENNI\u00bb .<\/p>\n<p><strong>M\u00e1s sobre Sebas &amp; Lenni<\/strong><\/p>\n<p style=\"text-align: justify;\">Sebas &amp; Lenni son dos j\u00f3venes artistas y compositores venezolanos radicados en Miami. Con una formaci\u00f3n musical desde temprana edad, han logrado consolidar una propuesta art\u00edstica que combina sonidos innovadores con una visi\u00f3n fresca y moderna de la m\u00fasica latina. Su misi\u00f3n es clara: <em>\u201cConectar Culturas a Trav\u00e9s de Ritmos\u201d.<\/em><\/p>\n<p>Fuente: Herrera Far\u00e1ndula<\/p>\n","protected":false},"excerpt":{"rendered":"<p>Un sonido innovador que fusiona ritmos afro house con una energ\u00eda \u00fanica Miami- La m\u00fasica<\/p>\n","protected":false},"author":4,"featured_media":38637,"comment_status":"open","ping_status":"open","sticky":false,"template":"","format":"standard","meta":{"footnotes":""},"categories":[249],"tags":[],"class_list":["post-38642","post","type-post","status-publish","format-standard","has-post-thumbnail","hentry","category-farandula"],"_links":{"self":[{"href":"https:\/\/laverdadpublica.com\/index.php\/wp-json\/wp\/v2\/posts\/38642","targetHints":{"allow":["GET"]}}],"collection":[{"href":"https:\/\/laverdadpublica.com\/index.php\/wp-json\/wp\/v2\/posts"}],"about":[{"href":"https:\/\/laverdadpublica.com\/index.php\/wp-json\/wp\/v2\/types\/post"}],"author":[{"embeddable":true,"href":"https:\/\/laverdadpublica.com\/index.php\/wp-json\/wp\/v2\/users\/4"}],"replies":[{"embeddable":true,"href":"https:\/\/laverdadpublica.com\/index.php\/wp-json\/wp\/v2\/comments?post=38642"}],"version-history":[{"count":1,"href":"https:\/\/laverdadpublica.com\/index.php\/wp-json\/wp\/v2\/posts\/38642\/revisions"}],"predecessor-version":[{"id":38643,"href":"https:\/\/laverdadpublica.com\/index.php\/wp-json\/wp\/v2\/posts\/38642\/revisions\/38643"}],"wp:featuredmedia":[{"embeddable":true,"href":"https:\/\/laverdadpublica.com\/index.php\/wp-json\/wp\/v2\/media\/38637"}],"wp:attachment":[{"href":"https:\/\/laverdadpublica.com\/index.php\/wp-json\/wp\/v2\/media?parent=38642"}],"wp:term":[{"taxonomy":"category","embeddable":true,"href":"https:\/\/laverdadpublica.com\/index.php\/wp-json\/wp\/v2\/categories?post=38642"},{"taxonomy":"post_tag","embeddable":true,"href":"https:\/\/laverdadpublica.com\/index.php\/wp-json\/wp\/v2\/tags?post=38642"}],"curies":[{"name":"wp","href":"https:\/\/api.w.org\/{rel}","templated":true}]}}