{"id":38826,"date":"2025-02-06T20:49:43","date_gmt":"2025-02-06T20:49:43","guid":{"rendered":"https:\/\/laverdadpublica.com\/?p=38826"},"modified":"2025-02-07T00:51:45","modified_gmt":"2025-02-07T00:51:45","slug":"diputado-oscar-morel-asegura-pld-tiene-una-obra-de-gobierno-que-mostrar","status":"publish","type":"post","link":"https:\/\/laverdadpublica.com\/index.php\/2025\/02\/06\/diputado-oscar-morel-asegura-pld-tiene-una-obra-de-gobierno-que-mostrar\/","title":{"rendered":"Diputado \u00d3scar Morel asegura PLD tiene una obra de gobierno que mostrar"},"content":{"rendered":"<p style=\"text-align: justify;\"><strong>Monte<\/strong> <strong>Plata RD.<\/strong> El diputado por el Partido de la Liberaci\u00f3n Dominicana (PLD) en la provincia Monte Plata, \u00d3scar Morel, asegur\u00f3 que el PLD es el \u00fanico partido que ha logrado grandes transformaciones sociales e institucionales en el pa\u00eds y los hechos est\u00e1n ah\u00ed, adem\u00e1s cuenta con los profesionales m\u00e1s capacitados y con formaci\u00f3n pol\u00edtica.<\/p>\n<p style=\"text-align: justify;\">El diputado sostuvo que las obras de los gobiernos del PLD est\u00e1n ah\u00ed y por m\u00e1s que el gobierno actual quiera b\u00f3rralas, no pasar\u00e1 porque est\u00e1n en la mente de cada de dominicano y dominicana.<\/p>\n<p style=\"text-align: justify;\">Agreg\u00f3 adem\u00e1s que, en su momento, el pueblo decidi\u00f3 por la otra opci\u00f3n, pero como dijo el exsenador Charle Mariotti: \u201cLa ola que no sac\u00f3 del poder ser\u00e1 la misma que nos regresar\u00e1\u201d.<\/p>\n<p style=\"text-align: justify;\">Morel puntualiz\u00f3 que el PLD es el partido con mejor formaci\u00f3n pol\u00edtica que tiene la Rep\u00fablica Dominicana, y en estos momento toda su estructura organizacional se est\u00e1 preparando para ir a un proceso electoral en el 2028 y retornar la esperanza al pueblo, que ya con estos a\u00f1os de gobierno del PRM, ha perdido.<\/p>\n<p style=\"text-align: justify;\">Al ser cuestionado acerca de los posibles candidatos a la presidencia por esta organizaci\u00f3n pol\u00edtica, afirm\u00f3 que tener nuevos candidatos viene a darle vida al PLD y que esto, m\u00e1s que traer divisi\u00f3n, lo que permite es que el partido tenga m\u00e1s presencia y contacto con el pueblo.<\/p>\n<p style=\"text-align: justify;\">El diputado \u00d3scar Morel recalc\u00f3 que el PLD tiene una obra de gobierno que mostrar, por lo que los candidatos lo que deben enfocarse es en vender hechos reales y poner en evidencia la falta de institucionalidad que est\u00e1 llevando acabo el gobierno del PRM.<\/p>\n<p style=\"text-align: justify;\">\u00d3scar indic\u00f3 que este gobierno, recibi\u00f3 instituciones fuerte como es el caso del 911, las farmacias del pueblo, la red hospitalaria, tanda extendida y muchos programas m\u00e1s, todo creaci\u00f3n del PLD que hoy est\u00e1n en total abandono.<\/p>\n<p style=\"text-align: justify;\">Estas declaraciones fueron dadas por el diputado durante su participaci\u00f3n en el programa \u201cQu\u00e9 Tenemos Radio\u201d, que se transmite por ZOL 106.5 F.M.<\/p>\n<p>Fuente: Zol 106.5 F.M.<\/p>\n","protected":false},"excerpt":{"rendered":"<p>Monte Plata RD. El diputado por el Partido de la Liberaci\u00f3n Dominicana (PLD) en la<\/p>\n","protected":false},"author":1,"featured_media":38827,"comment_status":"open","ping_status":"open","sticky":false,"template":"","format":"standard","meta":{"footnotes":""},"categories":[12],"tags":[],"class_list":["post-38826","post","type-post","status-publish","format-standard","has-post-thumbnail","hentry","category-politicas"],"_links":{"self":[{"href":"https:\/\/laverdadpublica.com\/index.php\/wp-json\/wp\/v2\/posts\/38826","targetHints":{"allow":["GET"]}}],"collection":[{"href":"https:\/\/laverdadpublica.com\/index.php\/wp-json\/wp\/v2\/posts"}],"about":[{"href":"https:\/\/laverdadpublica.com\/index.php\/wp-json\/wp\/v2\/types\/post"}],"author":[{"embeddable":true,"href":"https:\/\/laverdadpublica.com\/index.php\/wp-json\/wp\/v2\/users\/1"}],"replies":[{"embeddable":true,"href":"https:\/\/laverdadpublica.com\/index.php\/wp-json\/wp\/v2\/comments?post=38826"}],"version-history":[{"count":1,"href":"https:\/\/laverdadpublica.com\/index.php\/wp-json\/wp\/v2\/posts\/38826\/revisions"}],"predecessor-version":[{"id":38828,"href":"https:\/\/laverdadpublica.com\/index.php\/wp-json\/wp\/v2\/posts\/38826\/revisions\/38828"}],"wp:featuredmedia":[{"embeddable":true,"href":"https:\/\/laverdadpublica.com\/index.php\/wp-json\/wp\/v2\/media\/38827"}],"wp:attachment":[{"href":"https:\/\/laverdadpublica.com\/index.php\/wp-json\/wp\/v2\/media?parent=38826"}],"wp:term":[{"taxonomy":"category","embeddable":true,"href":"https:\/\/laverdadpublica.com\/index.php\/wp-json\/wp\/v2\/categories?post=38826"},{"taxonomy":"post_tag","embeddable":true,"href":"https:\/\/laverdadpublica.com\/index.php\/wp-json\/wp\/v2\/tags?post=38826"}],"curies":[{"name":"wp","href":"https:\/\/api.w.org\/{rel}","templated":true}]}}