{"id":39454,"date":"2025-02-15T20:30:34","date_gmt":"2025-02-15T20:30:34","guid":{"rendered":"https:\/\/laverdadpublica.com\/?p=39454"},"modified":"2025-02-15T20:34:55","modified_gmt":"2025-02-15T20:34:55","slug":"diputado-rafelin-perez-apoyara-feria-turismo-y-atracciones-2025-en-pedernales-resalta-la-importancia-que-tendra-para-el-sur","status":"publish","type":"post","link":"https:\/\/laverdadpublica.com\/index.php\/2025\/02\/15\/diputado-rafelin-perez-apoyara-feria-turismo-y-atracciones-2025-en-pedernales-resalta-la-importancia-que-tendra-para-el-sur\/","title":{"rendered":"Diputado Rafelin P\u00e9rez apoyar\u00e1 feria \u201cTurismo y Atracciones 2025\u201d en Pedernales; resalta la importancia que tendr\u00e1 para el sur"},"content":{"rendered":"<p style=\"text-align: justify;\"><strong>Santo Domingo.<\/strong>&#8211; El diputado Rafelin P\u00e9rez anunci\u00f3 su apoyo formal a la segunda edici\u00f3n de la feria tur\u00edstica \u201cTurismo y Atracciones 2025\u201d en Pedernales, bajo el eslogan \u00a1Por amor al desarrollo y la inversi\u00f3n!\u00bb, que se llevar\u00e1 a cabo del 7 a 9 de marzo en el hotel Villas del Mar.<\/p>\n<p style=\"text-align: justify;\">La aseveraci\u00f3n del l\u00edder pol\u00edtico y legislador por Pedernales, fueron durante un encuentro con el equipo coordinador de la feria, encabezado por Kelvin Fa\u00f1a, donde resalt\u00f3 la importancia que tendr\u00e1 para el sur la segunda edici\u00f3n de TyA 2025.<\/p>\n<p style=\"text-align: justify;\">El legislador aprovech\u00f3 la ocasi\u00f3n para intercambiar ideas y ponderar la iniciativa con los organizadores.<\/p>\n<p style=\"text-align: justify;\">La segunda edici\u00f3n de la feria tur\u00edstica \u201cTurismo y Atracciones 2025\u201d, tendr\u00e1 a India como pa\u00eds invitado de honor y que ser\u00e1 representado por el Embajador Extraordinario y Plenipotenciario de la India en Rep\u00fablica Dominicana, su excelencia Ramu Abbagani.<\/p>\n<p><strong>Sobre la TyA 2025<\/strong><\/p>\n<p style=\"text-align: justify;\">La provincia de Pedernales ser\u00e1 la sede de la segunda edici\u00f3n de la feria tur\u00edstica \u201cTurismo y Atracciones 2025\u201d, bajo el slogan \u201cPor amor al desarrollo y la inversi\u00f3n\u201d, evento que se realizar\u00e1 del viernes 7 al domingo 9 de marzo 2025 en el hotel Villas del Mar.<\/p>\n<p style=\"text-align: justify;\">Kelvin Fa\u00f1a, CEO de TyA 2025, inform\u00f3 que la feria tur\u00edstica ofrecer\u00e1 una agenda tem\u00e1tica que incluir\u00e1 conferencias, encuentro de negocios, presentaci\u00f3n de productos, oportunidades de negocios, ventas y ofertas de servicios.<\/p>\n<p style=\"text-align: justify;\">TyA 2025, organizada por Turismo y Atracciones y la empresa Grupo Mecca, es un espacio para que los inversionistas y emprendedores del sector tur\u00edstico puedan conocer las ofertas de servicios, productos tur\u00edsticos y las oportunidades de inversi\u00f3n y desarrollo de Pedernales.<\/p>\n<p style=\"text-align: justify;\">Los asistentes podr\u00e1n disfrutar de las diversas actividades y atracciones que ofrece la provincia de Pedernales, como aventuras en la naturaleza, turismo gastron\u00f3mico, turismo local, exploraci\u00f3n de r\u00edos, visita a Bah\u00edas de las \u00c1guilas, montar buggies y regata, entre otros atractivos.<\/p>\n<p style=\"text-align: justify;\">La feria tur\u00edstica \u201cTurismo y Atracciones 2025\u201d, por \u00a1Por amor al desarrollo y la inversi\u00f3n!\u201d, contar\u00e1 con participaci\u00f3n art\u00edsticas y muchas sorpresas.<\/p>\n<p style=\"text-align: justify;\">Para participar como invitado o patrocinador de Turismo y Atracciones 2025, los interesados deben llenar un formulario y enviarlo al correo turismoyatracciones@gmail.com o al WhatsApp\/Celular con Kelvin Fa\u00f1a: 809-965-8643. Tambi\u00e9n pueden visitar la p\u00e1gina web www.turismoyatracciones.com para obtener m\u00e1s informaci\u00f3n.<\/p>\n<p style=\"text-align: justify;\">Se espera que Turismo y Atracciones 2025 reciba m\u00e1s de 10 mil visitantes, que podr\u00e1n descubrir las maravillas que ofrece Pedernales como destino tur\u00edstico y de inversi\u00f3n.<\/p>\n<p>Fuente: TyA 2025<\/p>\n","protected":false},"excerpt":{"rendered":"<p>Santo Domingo.&#8211; El diputado Rafelin P\u00e9rez anunci\u00f3 su apoyo formal a la segunda edici\u00f3n de<\/p>\n","protected":false},"author":4,"featured_media":39456,"comment_status":"open","ping_status":"open","sticky":false,"template":"","format":"standard","meta":{"footnotes":""},"categories":[11],"tags":[],"class_list":["post-39454","post","type-post","status-publish","format-standard","has-post-thumbnail","hentry","category-turismo"],"_links":{"self":[{"href":"https:\/\/laverdadpublica.com\/index.php\/wp-json\/wp\/v2\/posts\/39454","targetHints":{"allow":["GET"]}}],"collection":[{"href":"https:\/\/laverdadpublica.com\/index.php\/wp-json\/wp\/v2\/posts"}],"about":[{"href":"https:\/\/laverdadpublica.com\/index.php\/wp-json\/wp\/v2\/types\/post"}],"author":[{"embeddable":true,"href":"https:\/\/laverdadpublica.com\/index.php\/wp-json\/wp\/v2\/users\/4"}],"replies":[{"embeddable":true,"href":"https:\/\/laverdadpublica.com\/index.php\/wp-json\/wp\/v2\/comments?post=39454"}],"version-history":[{"count":1,"href":"https:\/\/laverdadpublica.com\/index.php\/wp-json\/wp\/v2\/posts\/39454\/revisions"}],"predecessor-version":[{"id":39455,"href":"https:\/\/laverdadpublica.com\/index.php\/wp-json\/wp\/v2\/posts\/39454\/revisions\/39455"}],"wp:featuredmedia":[{"embeddable":true,"href":"https:\/\/laverdadpublica.com\/index.php\/wp-json\/wp\/v2\/media\/39456"}],"wp:attachment":[{"href":"https:\/\/laverdadpublica.com\/index.php\/wp-json\/wp\/v2\/media?parent=39454"}],"wp:term":[{"taxonomy":"category","embeddable":true,"href":"https:\/\/laverdadpublica.com\/index.php\/wp-json\/wp\/v2\/categories?post=39454"},{"taxonomy":"post_tag","embeddable":true,"href":"https:\/\/laverdadpublica.com\/index.php\/wp-json\/wp\/v2\/tags?post=39454"}],"curies":[{"name":"wp","href":"https:\/\/api.w.org\/{rel}","templated":true}]}}