{"id":40022,"date":"2025-02-21T15:11:29","date_gmt":"2025-02-21T15:11:29","guid":{"rendered":"https:\/\/laverdadpublica.com\/?p=40022"},"modified":"2025-02-22T03:13:29","modified_gmt":"2025-02-22T03:13:29","slug":"efemerides-patrias-pone-a-circular-medalla-conmemorativa-por-el-180-aniversario-del-martirio-de-maria-trinidad-sanchez","status":"publish","type":"post","link":"https:\/\/laverdadpublica.com\/index.php\/2025\/02\/21\/efemerides-patrias-pone-a-circular-medalla-conmemorativa-por-el-180-aniversario-del-martirio-de-maria-trinidad-sanchez\/","title":{"rendered":"Efem\u00e9rides Patrias pone a circular Medalla Conmemorativa por el 180 aniversario del martirio de Mar\u00eda Trinidad S\u00e1nchez"},"content":{"rendered":"<p style=\"text-align: justify;\">Santo Domingo.- La Comisi\u00f3n Permanente de Efem\u00e9rides Patrias puso en circulaci\u00f3n una medalla recordatoria de edici\u00f3n limitada que exalta en un acto de profunda justicia hist\u00f3rica la figura de la hero\u00edna y m\u00e1rtir de la patria, Mar\u00eda Trinidad S\u00e1nchez, a 180 a\u00f1os de su fusilamiento, as\u00ed lo afirm\u00f3 Juan Pablo Uribe, presidente de la entidad gubernamental responsable de la memoria hist\u00f3rica del pueblo dominicano.<img decoding=\"async\" class=\"size-medium wp-image-40025 alignright lazyload\" data-src=\"https:\/\/laverdadpublica.com\/wp-content\/uploads\/2025\/02\/IMG-20250221-WA0138-300x295.jpg\" alt=\"\" width=\"300\" height=\"295\" data-srcset=\"https:\/\/laverdadpublica.com\/wp-content\/uploads\/2025\/02\/IMG-20250221-WA0138-300x295.jpg 300w, https:\/\/laverdadpublica.com\/wp-content\/uploads\/2025\/02\/IMG-20250221-WA0138-768x756.jpg 768w, https:\/\/laverdadpublica.com\/wp-content\/uploads\/2025\/02\/IMG-20250221-WA0138.jpg 937w\" data-sizes=\"(max-width: 300px) 100vw, 300px\" src=\"data:image\/svg+xml;base64,PHN2ZyB3aWR0aD0iMSIgaGVpZ2h0PSIxIiB4bWxucz0iaHR0cDovL3d3dy53My5vcmcvMjAwMC9zdmciPjwvc3ZnPg==\" style=\"--smush-placeholder-width: 300px; --smush-placeholder-aspect-ratio: 300\/295;\" \/><\/p>\n<p style=\"text-align: justify;\">La medalla rememora el martirio de esta mujer de singular valent\u00eda, dignidad, amor patrio y fuerza espiritual, condenada a muerte por una decisi\u00f3n dictatorial de pedro santana, porque ella se neg\u00f3 rotundamente a delatar y traicionar a sus compa\u00f1eros de lucha independentistas trinitarios; orden que se ejecut\u00f3 un 27 de febrero de 1845, cuando apenas hab\u00eda pasado un a\u00f1o de la Independencia Nacional.<\/p>\n<p style=\"text-align: justify;\">El primero en recibirla fue el presidente Luis Abinader en compa\u00f1\u00eda de la primera dama y la vicepresidenta Raquel Pe\u00f1a. Uribe record\u00f3 en el homenaje, las \u00faltimas palabras de Mar\u00eda Trinidad S\u00e1nchez:<\/p>\n<blockquote>\n<p style=\"text-align: justify;\">\u201cDios m\u00edo, c\u00famplase en m\u00ed tu voluntad y s\u00e1lvese la Rep\u00fablica\u201d.<\/p>\n<\/blockquote>\n<p style=\"text-align: justify;\">La emisi\u00f3n es de 180 piezas simbolizando los 180 a\u00f1os (1845-2025), transcurrido de su muerte f\u00edsica en el infame pat\u00edbulo y su paso glorioso a la perennidad del coraz\u00f3n de su patria amada. La coordinaci\u00f3n t\u00e9cnica de la obra de arte estuvo a cargo del historiador y destacado numim\u00e1stico Miguel Estrella.<\/p>\n<p><strong>Madre y hero\u00edna de la Patria<\/strong><\/p>\n<p style=\"text-align: justify;\">Mar\u00eda Trinidad S\u00e1nchez Alfonseca, es una Madre de la Patria, (Santo Domingo, Capitan\u00eda General de Santo Domingo; 16 de junio de 1794-Santo Domingo, Rep\u00fablica Dominicana; 27 de febrero de 1845) fue una independentista dominicana. Confeccion\u00f3 con la ayuda de Concepci\u00f3n Bona la primera bandera dominicana. Trinidad S\u00e1nchez fue representante del liderazgo femenino en su \u00e9poca.<\/p>\n<p style=\"text-align: justify;\">Organiz\u00f3 y orient\u00f3 la conspiraci\u00f3n pol\u00edtica de 1844, mientras los hombres independentistas estaban al frente de la guerra, la noche hist\u00f3rica del 27 de febrero de 1844.<\/p>\n<p style=\"text-align: justify;\">Fue la \u00fanica conocedora del escondite de su sobrino, Francisco del Rosario S\u00e1nchez, a quien le llevaba las comunicaciones que le enviaban los dem\u00e1s trinitarios, jam\u00e1s lo revel\u00f3. Fue v\u00edctima del primer crimen pol\u00edtico en la historia dominicana.<\/p>\n<p>Fuente: Comisi\u00f3n Permanente de Efem\u00e9rides Patrias<\/p>\n","protected":false},"excerpt":{"rendered":"<p>Santo Domingo.- La Comisi\u00f3n Permanente de Efem\u00e9rides Patrias puso en circulaci\u00f3n una medalla recordatoria de<\/p>\n","protected":false},"author":1,"featured_media":40024,"comment_status":"open","ping_status":"open","sticky":false,"template":"","format":"standard","meta":{"footnotes":""},"categories":[7],"tags":[],"class_list":["post-40022","post","type-post","status-publish","format-standard","has-post-thumbnail","hentry","category-nacionales"],"_links":{"self":[{"href":"https:\/\/laverdadpublica.com\/index.php\/wp-json\/wp\/v2\/posts\/40022","targetHints":{"allow":["GET"]}}],"collection":[{"href":"https:\/\/laverdadpublica.com\/index.php\/wp-json\/wp\/v2\/posts"}],"about":[{"href":"https:\/\/laverdadpublica.com\/index.php\/wp-json\/wp\/v2\/types\/post"}],"author":[{"embeddable":true,"href":"https:\/\/laverdadpublica.com\/index.php\/wp-json\/wp\/v2\/users\/1"}],"replies":[{"embeddable":true,"href":"https:\/\/laverdadpublica.com\/index.php\/wp-json\/wp\/v2\/comments?post=40022"}],"version-history":[{"count":2,"href":"https:\/\/laverdadpublica.com\/index.php\/wp-json\/wp\/v2\/posts\/40022\/revisions"}],"predecessor-version":[{"id":40026,"href":"https:\/\/laverdadpublica.com\/index.php\/wp-json\/wp\/v2\/posts\/40022\/revisions\/40026"}],"wp:featuredmedia":[{"embeddable":true,"href":"https:\/\/laverdadpublica.com\/index.php\/wp-json\/wp\/v2\/media\/40024"}],"wp:attachment":[{"href":"https:\/\/laverdadpublica.com\/index.php\/wp-json\/wp\/v2\/media?parent=40022"}],"wp:term":[{"taxonomy":"category","embeddable":true,"href":"https:\/\/laverdadpublica.com\/index.php\/wp-json\/wp\/v2\/categories?post=40022"},{"taxonomy":"post_tag","embeddable":true,"href":"https:\/\/laverdadpublica.com\/index.php\/wp-json\/wp\/v2\/tags?post=40022"}],"curies":[{"name":"wp","href":"https:\/\/api.w.org\/{rel}","templated":true}]}}