{"id":40631,"date":"2025-03-01T16:26:06","date_gmt":"2025-03-01T16:26:06","guid":{"rendered":"https:\/\/laverdadpublica.com\/?p=40631"},"modified":"2025-03-02T16:28:21","modified_gmt":"2025-03-02T16:28:21","slug":"ejercito-confisca-contrabando-de-1130-cajetillas-de-cigarrillos-en-furgoneta","status":"publish","type":"post","link":"https:\/\/laverdadpublica.com\/index.php\/2025\/03\/01\/ejercito-confisca-contrabando-de-1130-cajetillas-de-cigarrillos-en-furgoneta\/","title":{"rendered":"Ej\u00e9rcito confisca contrabando de 1,130 cajetillas de cigarrillos en furgoneta"},"content":{"rendered":"<p>Por Felix Rubio<\/p>\n<blockquote>\n<p style=\"text-align: justify;\">Durante la intervenci\u00f3n militar fueron detenidos dos hombres que ser\u00e1n puestos a disposici\u00f3n del Ministerio P\u00fablico<\/p>\n<\/blockquote>\n<p style=\"text-align: justify;\"><strong>Dajab\u00f3n<\/strong> .-Una patrulla militar integrada por miembros del Ej\u00e9rcito de Rep\u00fablica Dominicana, retuvieron una furgoneta en la cual fueron encontrados 113 paquetes de cigarrillos de procedencia extranjera introducidos al pa\u00eds de contrabando.<\/p>\n<p style=\"text-align: justify;\">Al registrar la furgoneta Nissan Vanette color gris, placa l092089, detenida en la comunidad de Chacuey, Dajab\u00f3n, fue encontrada la mercanc\u00eda ilegal, escondida en diversos lugares del veh\u00edculo, sin contar con la regulaci\u00f3n de la Direcci\u00f3n General de Aduanas (DGA).<\/p>\n<p style=\"text-align: justify;\">Los miembros del ERD actuantes, tuvieron que desarmar las puertas y otras partes de la misma, para sacar los cigarrillos marca Capital ocultos, que en total suman 22,600 unidades.<\/p>\n<p style=\"text-align: justify;\">Por el hecho fueron detenidos Evariste Mijael N\u00fa\u00f1ez \u00c1lvarez, conductor de la furgoneta y su acompa\u00f1ante Fabio Fernando Pichardo.<\/p>\n<p style=\"text-align: justify;\">La furgoneta retenida y la mercanc\u00eda decomisada se encuentran bajo custodia militar y ser\u00e1 entregada bajo certificaci\u00f3n al Cuerpo Especializado de Control de Combustibles (CECOOM).<\/p>\n<p style=\"text-align: justify;\">Mientras que los detenidos ser\u00e1n puestos a disposici\u00f3n del Ministerio P\u00fablico para los fines legales correspondientes.<\/p>\n<p>&nbsp;<\/p>\n<p>Fuente: Prensa CECOOM<\/p>\n","protected":false},"excerpt":{"rendered":"<p>Por Felix Rubio Durante la intervenci\u00f3n militar fueron detenidos dos hombres que ser\u00e1n puestos a<\/p>\n","protected":false},"author":1,"featured_media":40632,"comment_status":"open","ping_status":"open","sticky":false,"template":"","format":"standard","meta":{"footnotes":""},"categories":[7],"tags":[],"class_list":["post-40631","post","type-post","status-publish","format-standard","has-post-thumbnail","hentry","category-nacionales"],"_links":{"self":[{"href":"https:\/\/laverdadpublica.com\/index.php\/wp-json\/wp\/v2\/posts\/40631","targetHints":{"allow":["GET"]}}],"collection":[{"href":"https:\/\/laverdadpublica.com\/index.php\/wp-json\/wp\/v2\/posts"}],"about":[{"href":"https:\/\/laverdadpublica.com\/index.php\/wp-json\/wp\/v2\/types\/post"}],"author":[{"embeddable":true,"href":"https:\/\/laverdadpublica.com\/index.php\/wp-json\/wp\/v2\/users\/1"}],"replies":[{"embeddable":true,"href":"https:\/\/laverdadpublica.com\/index.php\/wp-json\/wp\/v2\/comments?post=40631"}],"version-history":[{"count":1,"href":"https:\/\/laverdadpublica.com\/index.php\/wp-json\/wp\/v2\/posts\/40631\/revisions"}],"predecessor-version":[{"id":40633,"href":"https:\/\/laverdadpublica.com\/index.php\/wp-json\/wp\/v2\/posts\/40631\/revisions\/40633"}],"wp:featuredmedia":[{"embeddable":true,"href":"https:\/\/laverdadpublica.com\/index.php\/wp-json\/wp\/v2\/media\/40632"}],"wp:attachment":[{"href":"https:\/\/laverdadpublica.com\/index.php\/wp-json\/wp\/v2\/media?parent=40631"}],"wp:term":[{"taxonomy":"category","embeddable":true,"href":"https:\/\/laverdadpublica.com\/index.php\/wp-json\/wp\/v2\/categories?post=40631"},{"taxonomy":"post_tag","embeddable":true,"href":"https:\/\/laverdadpublica.com\/index.php\/wp-json\/wp\/v2\/tags?post=40631"}],"curies":[{"name":"wp","href":"https:\/\/api.w.org\/{rel}","templated":true}]}}