{"id":40688,"date":"2025-03-01T18:19:38","date_gmt":"2025-03-01T18:19:38","guid":{"rendered":"https:\/\/laverdadpublica.com\/?p=40688"},"modified":"2025-03-02T18:21:45","modified_gmt":"2025-03-02T18:21:45","slug":"asume-nuevo-director-del-comipol-coronel-luis-rafael-herrera-almonte-erd","status":"publish","type":"post","link":"https:\/\/laverdadpublica.com\/index.php\/2025\/03\/01\/asume-nuevo-director-del-comipol-coronel-luis-rafael-herrera-almonte-erd\/","title":{"rendered":"Asume nuevo director del Comipol, coronel Luis Rafael Herrera Almonte, ERD"},"content":{"rendered":"<p>Por Felix Rubio<\/p>\n<p style=\"text-align: justify;\">Santo Domingo. &#8211; Este jueves se llev\u00f3 a cabo el acto de traspaso de mando de la Comisi\u00f3n Militar y Policial (Comipol), en el cual, el mayor general Rafael V\u00e1squez Esp\u00ednola, ERD entreg\u00f3 la direcci\u00f3n de la instituci\u00f3n al coronel Luis Rafael Herrera Almonte, ERD (PhD).<\/p>\n<p style=\"text-align: justify;\">El evento cont\u00f3 con la presencia del vicealmirante Ram\u00f3n Gustavo Betances Hern\u00e1ndez, ARD, viceministro de Defensa para Asuntos Navales y Costeros, quien asisti\u00f3 en representaci\u00f3n del ministro de Defensa, teniente general Carlos Antonio Fern\u00e1ndez Onofre, ERD.<\/p>\n<p style=\"text-align: justify;\">Durante la ceremonia, se destac\u00f3 la labor del mayor general V\u00e1squez Esp\u00ednola al frente de la Comipol y se expres\u00f3 confianza en la nueva gesti\u00f3n del coronel Herrera Almonte.<\/p>\n<p style=\"text-align: justify;\">La Comisi\u00f3n Militar y Policial, adscrita al Ministerio de Obras P\u00fablicas y Comunicaciones, desempe\u00f1a un papel clave en la seguridad vial del pa\u00eds, brindando asistencia a los ciudadanos en las carreteras nacionales. Con este relevo, la instituci\u00f3n reafirma su compromiso de fortalecer sus iniciativas y continuar garantizando la protecci\u00f3n y el auxilio en las v\u00edas de la Rep\u00fablica Dominicana.<\/p>\n<p>&nbsp;<\/p>\n<p>Fuente:<\/p>\n","protected":false},"excerpt":{"rendered":"<p>Por Felix Rubio Santo Domingo. &#8211; Este jueves se llev\u00f3 a cabo el acto de<\/p>\n","protected":false},"author":1,"featured_media":40690,"comment_status":"open","ping_status":"open","sticky":false,"template":"","format":"standard","meta":{"footnotes":""},"categories":[7],"tags":[],"class_list":["post-40688","post","type-post","status-publish","format-standard","has-post-thumbnail","hentry","category-nacionales"],"_links":{"self":[{"href":"https:\/\/laverdadpublica.com\/index.php\/wp-json\/wp\/v2\/posts\/40688","targetHints":{"allow":["GET"]}}],"collection":[{"href":"https:\/\/laverdadpublica.com\/index.php\/wp-json\/wp\/v2\/posts"}],"about":[{"href":"https:\/\/laverdadpublica.com\/index.php\/wp-json\/wp\/v2\/types\/post"}],"author":[{"embeddable":true,"href":"https:\/\/laverdadpublica.com\/index.php\/wp-json\/wp\/v2\/users\/1"}],"replies":[{"embeddable":true,"href":"https:\/\/laverdadpublica.com\/index.php\/wp-json\/wp\/v2\/comments?post=40688"}],"version-history":[{"count":1,"href":"https:\/\/laverdadpublica.com\/index.php\/wp-json\/wp\/v2\/posts\/40688\/revisions"}],"predecessor-version":[{"id":40691,"href":"https:\/\/laverdadpublica.com\/index.php\/wp-json\/wp\/v2\/posts\/40688\/revisions\/40691"}],"wp:featuredmedia":[{"embeddable":true,"href":"https:\/\/laverdadpublica.com\/index.php\/wp-json\/wp\/v2\/media\/40690"}],"wp:attachment":[{"href":"https:\/\/laverdadpublica.com\/index.php\/wp-json\/wp\/v2\/media?parent=40688"}],"wp:term":[{"taxonomy":"category","embeddable":true,"href":"https:\/\/laverdadpublica.com\/index.php\/wp-json\/wp\/v2\/categories?post=40688"},{"taxonomy":"post_tag","embeddable":true,"href":"https:\/\/laverdadpublica.com\/index.php\/wp-json\/wp\/v2\/tags?post=40688"}],"curies":[{"name":"wp","href":"https:\/\/api.w.org\/{rel}","templated":true}]}}