{"id":40715,"date":"2025-03-03T19:46:18","date_gmt":"2025-03-03T19:46:18","guid":{"rendered":"https:\/\/laverdadpublica.com\/?p=40715"},"modified":"2025-03-03T19:50:54","modified_gmt":"2025-03-03T19:50:54","slug":"opinion-invitada-solicitud-al-presidente-luis-abinader-y-al-sistema-de-salud","status":"publish","type":"post","link":"https:\/\/laverdadpublica.com\/index.php\/2025\/03\/03\/opinion-invitada-solicitud-al-presidente-luis-abinader-y-al-sistema-de-salud\/","title":{"rendered":"\u200eOpini\u00f3n Invitada: Solicitud al Presidente Luis Abinader y al Sistema de Salud"},"content":{"rendered":"<p style=\"text-align: justify;\"><strong>Santo Domingo.<\/strong> A nuestra redacci\u00f3n llega la siguiente petici\u00f3n para nuestro excelent\u00edsimo Se\u00f1or presidente:<\/p>\n<blockquote>\n<p style=\"text-align: justify;\"><em>Estimado Presidente Abinader y al sistema de salud,<\/em><\/p>\n<p style=\"text-align: justify;\"><em>Hoy me dirijo a ustedes no solo como una ciudadana preocupada, sino como defensora de la vida y la salud de nuestros pa\u00eds que enfrentan los pacientes oncol\u00f3gicos. La realidad que viven los pacientes oncol\u00f3gicos en nuestro pa\u00eds es alarmante y requiere nuestra atenci\u00f3n inmediata.<\/em><\/p>\n<\/blockquote>\n<p style=\"text-align: justify;\">Invita al presidente a considerar la rapidez del diagn\u00f3stico y tratamiento de la terrible enfermedad como algo m\u00e1s all\u00e1 de una cuesti\u00f3n m\u00e9dica:<\/p>\n<blockquote>\n<p style=\"text-align: justify;\"><em>La rapidez en el diagn\u00f3stico y tratamiento del c\u00e1ncer no es solo una cuesti\u00f3n m\u00e9dica; es una cuesti\u00f3n de humanidad. Sabemos que cada d\u00eda cuenta en la lucha contra esta enfermedad. <\/em><\/p>\n<p style=\"text-align: justify;\"><em>La implementaci\u00f3n de nuevos tratamientos ha demostrado ser una herramienta invaluable que puede ofrecer diagn\u00f3sticos precisos y oportunos, pero debemos ir m\u00e1s all\u00e1. <\/em><\/p>\n<p style=\"text-align: justify;\"><em>Es imperativo que todos los actores involucrados desde el gobierno hasta el sistema de salud, incluyendo Sisalril ARS y las farmac\u00e9uticas trabajen juntos en un esfuerzo coordinado.<\/em><\/p>\n<\/blockquote>\n<p style=\"text-align: justify;\">Hace referencia a que los datos del censo nacional deben ser considerados:<\/p>\n<blockquote>\n<p style=\"text-align: justify;\"><em>En este momento, no contamos con un censo nacional de pacientes con c\u00e1ncer, lo cual dificulta la identificaci\u00f3n de necesidades espec\u00edficas y la asignaci\u00f3n adecuada de recursos. Sin este censo, el gobierno no puede implementar pol\u00edticas p\u00fablicas efectivas dirigidas a este sector vulnerable, ya que desconoce el n\u00famero real de pacientes oncol\u00f3gicos y sus circunstancias.<\/em><\/p>\n<p style=\"text-align: justify;\"><em>Adem\u00e1s, el acceso a tratamientos es limitado; actualmente solo hay tres tipos de f\u00e1rmacos disponibles, y no todos los casos son elegibles para recibir estos medicamentos. Esta situaci\u00f3n crea un vac\u00edo cr\u00edtico en la atenci\u00f3n que se les brinda a los pacientes, quienes merecen opciones adecuadas y efectivas para su tratamiento.<\/em><\/p>\n<\/blockquote>\n<p style=\"text-align: justify;\">Invita a que esta enfermedad sea incluida como una cobertura tificada por parte de la SISARIL:<\/p>\n<blockquote>\n<p style=\"text-align: justify;\"><em>Sisalril debe incluir en su cobertura la firma tipificada del tipo de tumor, lo que permitir\u00e1 identificar c\u00f3mo responder\u00e1 cada medicamento espec\u00edfico para el paciente. Esto implica llevar a cabo un estudio de factibilidad que realmente aborde las necesidades del paciente.<\/em><\/p>\n<p style=\"text-align: justify;\"><em>Con esta metodolog\u00eda, conocida como cobertura firma econ\u00f3mica o plataforma predictiva, se puede optimizar el uso de recursos econ\u00f3micos y temporales, lo que resulta en un ahorro significativo que puede destinarse al mismo tratamiento del paciente.<\/em><\/p>\n<p style=\"text-align: justify;\"><em>Es fundamental avanzar hacia una medicina personalizada donde cada tratamiento se adapte a las caracter\u00edsticas \u00fanicas del tumor y del paciente. Sin embargo, actualmente existen tratamientos innovadores que mejoran la calidad de vida de los pacientes pero que no est\u00e1n cubiertos por las ARS. Esto limita dr\u00e1sticamente las opciones disponibles para quienes m\u00e1s lo necesitan.<\/em><\/p>\n<p style=\"text-align: justify;\"><em>Es importante crear un censo nacional que refleje la situaci\u00f3n actual de los pacientes oncol\u00f3gicos en nuestro pa\u00eds. Este censo no solo proporcionar\u00e1 datos cruciales sobre el n\u00famero de pacientes que requieren atenci\u00f3n, sino que tambi\u00e9n permitir\u00e1 identificar \u00e1reas cr\u00edticas que necesitan mejoras. Con esta informaci\u00f3n, podremos optimizar la distribuci\u00f3n de recursos, asegurar el acceso a tratamientos innovadores y crear pol\u00edticas p\u00fablicas efectivas.<\/em><\/p>\n<\/blockquote>\n<p style=\"text-align: justify;\">Nuevamente refuerza la necesidad de reducir los tiempos de espera en el diagn\u00f3stico de esta enfermedad:<\/p>\n<blockquote>\n<p style=\"text-align: justify;\"><em>Los tiempos de espera para diagn\u00f3sticos deben ser reducidos dr\u00e1sticamente. Cada mes que pasa sin un diagn\u00f3stico preciso puede significar una vida perdida. Es fundamental establecer protocolos claros que aceleren el proceso diagn\u00f3stico y fortalezcan la comunicaci\u00f3n entre todas las partes involucradas. Los pacientes merecen recibir atenci\u00f3n oportuna y eficaz, sin importar su situaci\u00f3n geogr\u00e1fica o econ\u00f3mica.<\/em><\/p>\n<\/blockquote>\n<p style=\"text-align: justify;\">Insta a todos los sectores a unirse en el pronto abordaje del tema:<\/p>\n<blockquote>\n<p style=\"text-align: justify;\"><em>Hago un llamado a la colaboraci\u00f3n entre el sector p\u00fablico y privado para abordar este tema con urgencia. El intercambio de datos entre centros es clave para establecer pol\u00edticas p\u00fablicas efectivas.<\/em><\/p>\n<p style=\"text-align: justify;\"><em>Es hora de poner al paciente en el centro de nuestras decisiones. Juntos podemos transformar el sistema de salud en uno m\u00e1s justo y equitativo, donde cada vida cuenta y cada d\u00eda importa.<\/em><\/p>\n<p style=\"text-align: justify;\"><em>Esperamos su compromiso con esta causa vital<\/em>.<\/p>\n<\/blockquote>\n<p style=\"text-align: justify;\">El comunicado est\u00e1 firmado por la destacada\u00a0 Comunicadora Social, gremialista del CDP, SNTP y CIPESA, la Licda. Janet B\u00e1ez<\/p>\n<p>Fuente: Janet B\u00e1ez<\/p>\n","protected":false},"excerpt":{"rendered":"<p>Santo Domingo. A nuestra redacci\u00f3n llega la siguiente petici\u00f3n para nuestro excelent\u00edsimo Se\u00f1or presidente: Estimado<\/p>\n","protected":false},"author":1,"featured_media":40717,"comment_status":"open","ping_status":"open","sticky":false,"template":"","format":"standard","meta":{"footnotes":""},"categories":[4],"tags":[],"class_list":["post-40715","post","type-post","status-publish","format-standard","has-post-thumbnail","hentry","category-opiniones"],"_links":{"self":[{"href":"https:\/\/laverdadpublica.com\/index.php\/wp-json\/wp\/v2\/posts\/40715","targetHints":{"allow":["GET"]}}],"collection":[{"href":"https:\/\/laverdadpublica.com\/index.php\/wp-json\/wp\/v2\/posts"}],"about":[{"href":"https:\/\/laverdadpublica.com\/index.php\/wp-json\/wp\/v2\/types\/post"}],"author":[{"embeddable":true,"href":"https:\/\/laverdadpublica.com\/index.php\/wp-json\/wp\/v2\/users\/1"}],"replies":[{"embeddable":true,"href":"https:\/\/laverdadpublica.com\/index.php\/wp-json\/wp\/v2\/comments?post=40715"}],"version-history":[{"count":3,"href":"https:\/\/laverdadpublica.com\/index.php\/wp-json\/wp\/v2\/posts\/40715\/revisions"}],"predecessor-version":[{"id":40719,"href":"https:\/\/laverdadpublica.com\/index.php\/wp-json\/wp\/v2\/posts\/40715\/revisions\/40719"}],"wp:featuredmedia":[{"embeddable":true,"href":"https:\/\/laverdadpublica.com\/index.php\/wp-json\/wp\/v2\/media\/40717"}],"wp:attachment":[{"href":"https:\/\/laverdadpublica.com\/index.php\/wp-json\/wp\/v2\/media?parent=40715"}],"wp:term":[{"taxonomy":"category","embeddable":true,"href":"https:\/\/laverdadpublica.com\/index.php\/wp-json\/wp\/v2\/categories?post=40715"},{"taxonomy":"post_tag","embeddable":true,"href":"https:\/\/laverdadpublica.com\/index.php\/wp-json\/wp\/v2\/tags?post=40715"}],"curies":[{"name":"wp","href":"https:\/\/api.w.org\/{rel}","templated":true}]}}