{"id":40780,"date":"2025-03-03T20:56:29","date_gmt":"2025-03-03T20:56:29","guid":{"rendered":"https:\/\/laverdadpublica.com\/?p=40780"},"modified":"2025-03-04T01:57:57","modified_gmt":"2025-03-04T01:57:57","slug":"pedro-richardson-visita-las-instalaciones-del-grupo-de-medios-teleradionorte-y-explora-posibles-acuerdos-institucionales","status":"publish","type":"post","link":"https:\/\/laverdadpublica.com\/index.php\/2025\/03\/03\/pedro-richardson-visita-las-instalaciones-del-grupo-de-medios-teleradionorte-y-explora-posibles-acuerdos-institucionales\/","title":{"rendered":"Pedro Richardson visita las instalaciones del Grupo de Medios Teleradionorte y explora posibles acuerdos institucionales"},"content":{"rendered":"<p style=\"text-align: justify;\">Este lunes, Pedro Richardson, director ejecutivo de la Federaci\u00f3n Dominicana de Distritos Municipales (FEDODIM) y asesor del presidente en materia municipal, visit\u00f3 las instalaciones del Grupo de Medios Teleradionorte (TRN), un canal de car\u00e1cter municipal ubicado en Santo Domingo Norte. Durante su visita, fue recibido por \u00c1ngel Corpor\u00e1n Monegro, propietario de TRN, e Isabel D\u00edaz, administradora del Grupo de Medios TRN.<\/p>\n<p style=\"text-align: justify;\">Como parte de su recorrido, Richardson particip\u00f3 en el programa matutino \u00abAmaneciendo con TRN\u00bb, donde comparti\u00f3 con los conductores Isabel D\u00edaz, Sauris Ram\u00edrez, Juan Ram\u00f3n Miranda y Patria Heredia. Durante la entrevista, se abordaron diversos temas relacionados con la gesti\u00f3n municipal y el desarrollo de los distritos municipales en el pa\u00eds.<\/p>\n<p style=\"text-align: justify;\">Pedro Richardson cuenta con una amplia trayectoria en el \u00e1mbito municipal. Como director ejecutivo de FEDODIM, ha trabajado en la promoci\u00f3n del fortalecimiento institucional y la autonom\u00eda de los distritos municipales. Su rol como asesor presidencial en materia municipal le ha permitido colaborar en la implementaci\u00f3n de pol\u00edticas p\u00fablicas orientadas al desarrollo local y la mejora de los servicios municipales.<\/p>\n<p style=\"text-align: justify;\">En el marco de esta visita, se discuti\u00f3 la posibilidad de establecer acuerdos institucionales entre FEDODIM y el Grupo de Medios TRN, con el objetivo de promover una mayor difusi\u00f3n de las iniciativas municipales y fortalecer la comunicaci\u00f3n entre las autoridades locales y la ciudadan\u00eda.<\/p>\n<p>Fuente: Grupo de Medios TRN<\/p>\n","protected":false},"excerpt":{"rendered":"<p>Este lunes, Pedro Richardson, director ejecutivo de la Federaci\u00f3n Dominicana de Distritos Municipales (FEDODIM) y<\/p>\n","protected":false},"author":1,"featured_media":40782,"comment_status":"open","ping_status":"open","sticky":false,"template":"","format":"standard","meta":{"footnotes":""},"categories":[7],"tags":[],"class_list":["post-40780","post","type-post","status-publish","format-standard","has-post-thumbnail","hentry","category-nacionales"],"_links":{"self":[{"href":"https:\/\/laverdadpublica.com\/index.php\/wp-json\/wp\/v2\/posts\/40780","targetHints":{"allow":["GET"]}}],"collection":[{"href":"https:\/\/laverdadpublica.com\/index.php\/wp-json\/wp\/v2\/posts"}],"about":[{"href":"https:\/\/laverdadpublica.com\/index.php\/wp-json\/wp\/v2\/types\/post"}],"author":[{"embeddable":true,"href":"https:\/\/laverdadpublica.com\/index.php\/wp-json\/wp\/v2\/users\/1"}],"replies":[{"embeddable":true,"href":"https:\/\/laverdadpublica.com\/index.php\/wp-json\/wp\/v2\/comments?post=40780"}],"version-history":[{"count":1,"href":"https:\/\/laverdadpublica.com\/index.php\/wp-json\/wp\/v2\/posts\/40780\/revisions"}],"predecessor-version":[{"id":40781,"href":"https:\/\/laverdadpublica.com\/index.php\/wp-json\/wp\/v2\/posts\/40780\/revisions\/40781"}],"wp:featuredmedia":[{"embeddable":true,"href":"https:\/\/laverdadpublica.com\/index.php\/wp-json\/wp\/v2\/media\/40782"}],"wp:attachment":[{"href":"https:\/\/laverdadpublica.com\/index.php\/wp-json\/wp\/v2\/media?parent=40780"}],"wp:term":[{"taxonomy":"category","embeddable":true,"href":"https:\/\/laverdadpublica.com\/index.php\/wp-json\/wp\/v2\/categories?post=40780"},{"taxonomy":"post_tag","embeddable":true,"href":"https:\/\/laverdadpublica.com\/index.php\/wp-json\/wp\/v2\/tags?post=40780"}],"curies":[{"name":"wp","href":"https:\/\/api.w.org\/{rel}","templated":true}]}}