{"id":40939,"date":"2025-03-06T20:05:52","date_gmt":"2025-03-06T20:05:52","guid":{"rendered":"https:\/\/laverdadpublica.com\/?p=40939"},"modified":"2025-03-06T20:05:52","modified_gmt":"2025-03-06T20:05:52","slug":"caesco-sbs-y-lmd-dan-inicio-a-formacion-integral-de-la-municipalidad-con-la-presencia-de-la-alcaldesa-carolina-mejia","status":"publish","type":"post","link":"https:\/\/laverdadpublica.com\/index.php\/2025\/03\/06\/caesco-sbs-y-lmd-dan-inicio-a-formacion-integral-de-la-municipalidad-con-la-presencia-de-la-alcaldesa-carolina-mejia\/","title":{"rendered":"CAESCO, SBS y LMD dan inicio a Formaci\u00f3n Integral de la Municipalidad con la presencia de la alcaldesa Carolina Mej\u00eda"},"content":{"rendered":"<p style=\"text-align: justify;\"><strong>Santo Domingo, marzo de 2025.-<\/strong> El Centro de An\u00e1lisis y Estudio de la Comunicaci\u00f3n (CAESCO), en alianza con Spain Business School (SBS) y la Liga Municipal Dominicana (LMD) realizaron este mi\u00e9rcoles el acto de apertura de la Formaci\u00f3n Integral de la Municipalidad, con la presencia de destacadas autoridades y expertos en gesti\u00f3n municipal.<\/p>\n<p style=\"text-align: justify;\">El acto de apertura estuvo encabezado por la alcaldesa del Distrito Nacional, Carolina Mej\u00eda, quien ofreci\u00f3 el discurso central de la jornada, destacando la importancia de la capacitaci\u00f3n continua en la administraci\u00f3n p\u00fablica para continuar fortaleciendo la eficiencia y transparencia en los gobiernos locales.<\/p>\n<p style=\"text-align: justify;\">El director ejecutivo de CAESCO, Jos\u00e9 Torres, resalt\u00f3 que <em>\u201cno hay democracia s\u00f3lida sin municipios fuertes, abiertos y eficaces. Desde CAESCO, en alianza con Spain Business School, hemos estructurado este espacio para aportar herramientas estrat\u00e9gicas a los actores municipales, con el fin de fortalecer el liderazgo en la gesti\u00f3n p\u00fablica y fomentar la participaci\u00f3n ciudadana\u201d. <\/em><\/p>\n<blockquote>\n<p style=\"text-align: justify;\">\u00a0\u201cLa forma en que un gobierno local comunica sus acciones es determinante para su credibilidad y legitimidad. En esta formaci\u00f3n integral, los participantes reforzar\u00e1n sus estrategias de comunicaci\u00f3n efectiva, incluyendo la gesti\u00f3n de crisis y el uso de plataformas digitales para acercar la gesti\u00f3n p\u00fablica a la ciudadan\u00eda\u201d, puntualiz\u00f3 Torres.<\/p>\n<\/blockquote>\n<p style=\"text-align: justify;\">Mej\u00eda destac\u00f3 la importancia de fortalecer el liderazgo municipal a trav\u00e9s del aprendizaje continuo y la colaboraci\u00f3n institucional.<\/p>\n<blockquote>\n<p style=\"text-align: justify;\">\u201cEl servicio p\u00fablico debe hacerse desde el coraz\u00f3n y, para poder hacerlo, es necesario capacitarse. La gesti\u00f3n municipal implica una gran responsabilidad, y espacios como este permiten que nuestros servidores p\u00fablicos adquieran herramientas para responder de manera m\u00e1s eficiente a las necesidades de la gente\u201d, expres\u00f3 la alcaldesa.<\/p>\n<\/blockquote>\n<p style=\"text-align: justify;\">El acto de apertura cont\u00f3 con la participaci\u00f3n de representantes de diversos sectores pol\u00edticos, empresariales y sociales, entre ellos Michelle Ortiz, country manager de SBS y presidenta de la Asociaci\u00f3n Dominicana de Mujeres Empresarias; Jhonny Pujols, secretario general del Partido de la Liberaci\u00f3n Dominicana (PLD); Francis Jorge, secretaria de Asuntos Municipales del PLD; Raymond Rodr\u00edguez, presidente de la Fundaci\u00f3n GBC; y Lenin De la Rosa, alcalde de San Juan.<\/p>\n<p style=\"text-align: justify;\">La formaci\u00f3n que inici\u00f3 este jueves y se extender\u00e1 a hasta el viernes 7 de marzo se lleva contar\u00e1 con conferencistas como el economista Juan Ariel Jim\u00e9nez; el defensor del pueblo, Pablo Ulloa; la coordinadora del Instituto Tecnol\u00f3gico de Las Am\u00e9ricas (ITLA) Bonao, Marinel Canela; el presidente de la Liga Municipal Dominicana, V\u00edctor D\u2019 Aza, entre otros.<\/p>\n<p>Fuente: Comunicaciones CAESCO<\/p>\n<p>&nbsp;<\/p>\n<p>&nbsp;<\/p>\n<p>&nbsp;<\/p>\n<p>&nbsp;<\/p>\n<p>&nbsp;<\/p>\n<p>&nbsp;<\/p>\n<p>&nbsp;<\/p>\n<p>&nbsp;<\/p>\n<p>&nbsp;<\/p>\n<p>&nbsp;<\/p>\n","protected":false},"excerpt":{"rendered":"<p>Santo Domingo, marzo de 2025.- El Centro de An\u00e1lisis y Estudio de la Comunicaci\u00f3n (CAESCO),<\/p>\n","protected":false},"author":4,"featured_media":40940,"comment_status":"open","ping_status":"open","sticky":false,"template":"","format":"standard","meta":{"footnotes":""},"categories":[7],"tags":[],"class_list":["post-40939","post","type-post","status-publish","format-standard","has-post-thumbnail","hentry","category-nacionales"],"_links":{"self":[{"href":"https:\/\/laverdadpublica.com\/index.php\/wp-json\/wp\/v2\/posts\/40939","targetHints":{"allow":["GET"]}}],"collection":[{"href":"https:\/\/laverdadpublica.com\/index.php\/wp-json\/wp\/v2\/posts"}],"about":[{"href":"https:\/\/laverdadpublica.com\/index.php\/wp-json\/wp\/v2\/types\/post"}],"author":[{"embeddable":true,"href":"https:\/\/laverdadpublica.com\/index.php\/wp-json\/wp\/v2\/users\/4"}],"replies":[{"embeddable":true,"href":"https:\/\/laverdadpublica.com\/index.php\/wp-json\/wp\/v2\/comments?post=40939"}],"version-history":[{"count":1,"href":"https:\/\/laverdadpublica.com\/index.php\/wp-json\/wp\/v2\/posts\/40939\/revisions"}],"predecessor-version":[{"id":40941,"href":"https:\/\/laverdadpublica.com\/index.php\/wp-json\/wp\/v2\/posts\/40939\/revisions\/40941"}],"wp:featuredmedia":[{"embeddable":true,"href":"https:\/\/laverdadpublica.com\/index.php\/wp-json\/wp\/v2\/media\/40940"}],"wp:attachment":[{"href":"https:\/\/laverdadpublica.com\/index.php\/wp-json\/wp\/v2\/media?parent=40939"}],"wp:term":[{"taxonomy":"category","embeddable":true,"href":"https:\/\/laverdadpublica.com\/index.php\/wp-json\/wp\/v2\/categories?post=40939"},{"taxonomy":"post_tag","embeddable":true,"href":"https:\/\/laverdadpublica.com\/index.php\/wp-json\/wp\/v2\/tags?post=40939"}],"curies":[{"name":"wp","href":"https:\/\/api.w.org\/{rel}","templated":true}]}}