{"id":41071,"date":"2025-03-07T19:16:31","date_gmt":"2025-03-07T19:16:31","guid":{"rendered":"https:\/\/laverdadpublica.com\/?p=41071"},"modified":"2025-03-08T19:18:38","modified_gmt":"2025-03-08T19:18:38","slug":"agencia-de-prensa-mundial-celebra-su-9no-aniversario-en-el-marco-de-la-cumbre-internacional-de-la-voz-2","status":"publish","type":"post","link":"https:\/\/laverdadpublica.com\/index.php\/2025\/03\/07\/agencia-de-prensa-mundial-celebra-su-9no-aniversario-en-el-marco-de-la-cumbre-internacional-de-la-voz-2\/","title":{"rendered":"Agencia de Prensa Mundial celebra su 9no aniversario en el marco de la Cumbre internacional de la Voz"},"content":{"rendered":"<p style=\"text-align: justify;\"><strong>Santo Domingo, RD<\/strong> \u2013 La Agencia de Prensa Mundial (APM) conmemora su 9no aniversario en el marco de la Cumbre Internacional de la Voz, un evento que reunir\u00e1 a reconocidos conferencistas internacionales para abordar temas clave en el \u00e1mbito de la comunicaci\u00f3n, el periodismo y la locuci\u00f3n.<\/p>\n<p style=\"text-align: justify;\">Uno de los momentos m\u00e1s esperados de la cumbre ser\u00e1 la conferencia magistral del reconocido periodista y locutor mexicano Dr. Ren\u00e9 Narv\u00e1ez Lozada, galardonado con el Premio Nacional de Locuci\u00f3n en su pa\u00eds y conocido como La Voz de M\u00e9xico. Su ponencia, titulada <em>\u201cLos l\u00edmites de la libertad de opini\u00f3n, expresi\u00f3n y prensa en raz\u00f3n de los derechos humanos\u201d,<\/em> explorar\u00e1 las fronteras entre la libertad de expresi\u00f3n y la responsabilidad period\u00edstica en el contexto global actual.<\/p>\n<p style=\"text-align: justify;\">Este evento se enmarca dentro de la Cumbre Internacional de la Voz, que reunir\u00e1 a destacados exponentes del mundo de la locuci\u00f3n, el periodismo y la comunicaci\u00f3n. La conferencia del Dr. Narv\u00e1ez Lozada se llevar\u00e1 a cabo el pr\u00f3ximo 5 de abril en la Biblioteca Nacional Pedro Henr\u00edquez Ure\u00f1a, en Santo Domingo, Rep\u00fablica Dominicana.<\/p>\n<p style=\"text-align: justify;\">Adem\u00e1s del Dr. Narv\u00e1ez Lozada, la cumbre contar\u00e1 con la participaci\u00f3n de otros importantes conferencistas internacionales, entre ellos:<\/p>\n<p style=\"text-align: justify;\">\u25aa\ufe0e<strong>Leticia Centuri\u00f3n<\/strong>, conferencista internacional de Paraguay y productora de televisi\u00f3n.<\/p>\n<p style=\"text-align: justify;\">\u25aa\ufe0e<strong>Dr. Dar\u00edo Antonio Nin<\/strong>, segundo adjunto del Defensor del Pueblo, destacado locutor, abogado y psic\u00f3logo<\/p>\n<p style=\"text-align: justify;\"><strong>\u25aa\ufe0eMiguel Susana,<\/strong> reconocido locutor dominicano y presentador del programa Expreso Matutino de CERTV, canal 4.<\/p>\n<p style=\"text-align: justify;\">La Cumbre Internacional de la Voz es una oportunidad \u00fanica para periodistas, locutores, comunicadores y estudiantes que buscan enriquecer su formaci\u00f3n profesional y mantenerse actualizados en las tendencias de la industria<\/p>\n<p>Fuente: Cumbre Internacional de la Voz<\/p>\n","protected":false},"excerpt":{"rendered":"<p>Santo Domingo, RD \u2013 La Agencia de Prensa Mundial (APM) conmemora su 9no aniversario en<\/p>\n","protected":false},"author":4,"featured_media":41065,"comment_status":"open","ping_status":"open","sticky":false,"template":"","format":"standard","meta":{"footnotes":""},"categories":[7],"tags":[],"class_list":["post-41071","post","type-post","status-publish","format-standard","has-post-thumbnail","hentry","category-nacionales"],"_links":{"self":[{"href":"https:\/\/laverdadpublica.com\/index.php\/wp-json\/wp\/v2\/posts\/41071","targetHints":{"allow":["GET"]}}],"collection":[{"href":"https:\/\/laverdadpublica.com\/index.php\/wp-json\/wp\/v2\/posts"}],"about":[{"href":"https:\/\/laverdadpublica.com\/index.php\/wp-json\/wp\/v2\/types\/post"}],"author":[{"embeddable":true,"href":"https:\/\/laverdadpublica.com\/index.php\/wp-json\/wp\/v2\/users\/4"}],"replies":[{"embeddable":true,"href":"https:\/\/laverdadpublica.com\/index.php\/wp-json\/wp\/v2\/comments?post=41071"}],"version-history":[{"count":1,"href":"https:\/\/laverdadpublica.com\/index.php\/wp-json\/wp\/v2\/posts\/41071\/revisions"}],"predecessor-version":[{"id":41072,"href":"https:\/\/laverdadpublica.com\/index.php\/wp-json\/wp\/v2\/posts\/41071\/revisions\/41072"}],"wp:featuredmedia":[{"embeddable":true,"href":"https:\/\/laverdadpublica.com\/index.php\/wp-json\/wp\/v2\/media\/41065"}],"wp:attachment":[{"href":"https:\/\/laverdadpublica.com\/index.php\/wp-json\/wp\/v2\/media?parent=41071"}],"wp:term":[{"taxonomy":"category","embeddable":true,"href":"https:\/\/laverdadpublica.com\/index.php\/wp-json\/wp\/v2\/categories?post=41071"},{"taxonomy":"post_tag","embeddable":true,"href":"https:\/\/laverdadpublica.com\/index.php\/wp-json\/wp\/v2\/tags?post=41071"}],"curies":[{"name":"wp","href":"https:\/\/api.w.org\/{rel}","templated":true}]}}