{"id":41087,"date":"2025-03-07T19:34:26","date_gmt":"2025-03-07T19:34:26","guid":{"rendered":"https:\/\/laverdadpublica.com\/?p=41087"},"modified":"2025-03-08T19:35:40","modified_gmt":"2025-03-08T19:35:40","slug":"diputado-luis-baez-reintroduce-proyecto-de-ley-para-declarar-parque-nacional-a-las-dunas-de-bani","status":"publish","type":"post","link":"https:\/\/laverdadpublica.com\/index.php\/2025\/03\/07\/diputado-luis-baez-reintroduce-proyecto-de-ley-para-declarar-parque-nacional-a-las-dunas-de-bani\/","title":{"rendered":"Diputado Luis B\u00e1ez reintroduce proyecto de ley para declarar Parque Nacional a Las Dunas de Ban\u00ed"},"content":{"rendered":"<p style=\"text-align: justify;\">El diputado Luis B\u00e1ez, \u201cEl Muchachito\u201d, reintrodujo este mi\u00e9rcoles un proyecto de ley que busca elevar el monumento natural Las Dunas de Ban\u00ed a la categor\u00eda de Parque Nacional. La iniciativa hab\u00eda sido aprobada en el Senado en julio de 2024, pero perimi\u00f3 en la C\u00e1mara de Diputados.<\/p>\n<p style=\"text-align: justify;\">B\u00e1ez retom\u00f3 la propuesta originalmente presentada por el exsenador Milciades Franjul con el objetivo de que sea debatida y aprobada en la c\u00e1mara baja. Seg\u00fan el legislador, la declaraci\u00f3n como Parque Nacional garantizar\u00eda la protecci\u00f3n de este espacio natural, considerado uno de los m\u00e1s impresionantes de la isla y un importante destino para el ecoturismo y la investigaci\u00f3n cient\u00edfica, gracias a su rica biodiversidad en flora y fauna<\/p>\n<p style=\"text-align: justify;\">El proyecto tambi\u00e9n destaca la necesidad de preservar la zona frente a la amenaza de asentamientos humanos irregulares, que ponen en riesgo su equilibrio ecol\u00f3gico. Asimismo, la nueva categor\u00eda permitir\u00eda la optimizaci\u00f3n de su conservaci\u00f3n, su racional explotaci\u00f3n y la protecci\u00f3n sostenible de sus recursos naturales.<\/p>\n<p style=\"text-align: justify;\">De ser aprobado en el Congreso, el proyecto pasar\u00e1 nueva vez al Senado para su aprobaci\u00f3n y luego pasar\u00e1 al Poder Ejecutivo para su revisi\u00f3n y eventual promulgaci\u00f3n por el presidente Luis Abinader, consolidando as\u00ed los esfuerzos de conservaci\u00f3n y protecci\u00f3n de este invaluable patrimonio natural.<\/p>\n<p style=\"text-align: justify;\">Las Dunas de Ban\u00ed, ubicadas en la provincia Peravia, representan un ecosistema \u00fanico en el Caribe, caracterizado por sus extensas formaciones arenosas, su flora resistente y su fauna adaptada a condiciones extremas. La propuesta legislativa busca fortalecer los mecanismos de vigilancia y control, as\u00ed como fomentar iniciativas de educaci\u00f3n ambiental y turismo responsable en la zona.<\/p>\n<p style=\"text-align: justify;\"><strong>Acciones del gobierno para la protecci\u00f3n del \u00e1rea<\/strong><\/p>\n<p style=\"text-align: justify;\">El gobierno de la Rep\u00fablica Dominicana, a trav\u00e9s del Ministerio de Medio Ambiente y Recursos Naturales, ha implementado diversas acciones para la protecci\u00f3n de Las Dunas de Ban\u00ed y la eliminaci\u00f3n de asentamientos irregulares en la zona. Entre estas medidas se incluyen operativos de desalojo de ocupantes ilegales, la instalaci\u00f3n de controles de acceso para evitar nuevas invasiones y el reforzamiento de la vigilancia ambiental mediante patrullajes de guardaparques y drones de monitoreo.<\/p>\n<p style=\"text-align: justify;\">Asimismo, se han desarrollado campa\u00f1as de reforestaci\u00f3n con especies nativas para restaurar las \u00e1reas afectadas y reducir la erosi\u00f3n. De igual forma, se han establecido alianzas con comunidades locales para promover el desarrollo de proyectos de ecoturismo sostenible, que permitan generar ingresos a los habitantes sin afectar el ecosistema.<\/p>\n<p>Fuente: Equipo Luis B\u00e1ez<\/p>\n","protected":false},"excerpt":{"rendered":"<p>El diputado Luis B\u00e1ez, \u201cEl Muchachito\u201d, reintrodujo este mi\u00e9rcoles un proyecto de ley que busca<\/p>\n","protected":false},"author":1,"featured_media":41088,"comment_status":"open","ping_status":"open","sticky":false,"template":"","format":"standard","meta":{"footnotes":""},"categories":[7],"tags":[],"class_list":["post-41087","post","type-post","status-publish","format-standard","has-post-thumbnail","hentry","category-nacionales"],"_links":{"self":[{"href":"https:\/\/laverdadpublica.com\/index.php\/wp-json\/wp\/v2\/posts\/41087","targetHints":{"allow":["GET"]}}],"collection":[{"href":"https:\/\/laverdadpublica.com\/index.php\/wp-json\/wp\/v2\/posts"}],"about":[{"href":"https:\/\/laverdadpublica.com\/index.php\/wp-json\/wp\/v2\/types\/post"}],"author":[{"embeddable":true,"href":"https:\/\/laverdadpublica.com\/index.php\/wp-json\/wp\/v2\/users\/1"}],"replies":[{"embeddable":true,"href":"https:\/\/laverdadpublica.com\/index.php\/wp-json\/wp\/v2\/comments?post=41087"}],"version-history":[{"count":1,"href":"https:\/\/laverdadpublica.com\/index.php\/wp-json\/wp\/v2\/posts\/41087\/revisions"}],"predecessor-version":[{"id":41089,"href":"https:\/\/laverdadpublica.com\/index.php\/wp-json\/wp\/v2\/posts\/41087\/revisions\/41089"}],"wp:featuredmedia":[{"embeddable":true,"href":"https:\/\/laverdadpublica.com\/index.php\/wp-json\/wp\/v2\/media\/41088"}],"wp:attachment":[{"href":"https:\/\/laverdadpublica.com\/index.php\/wp-json\/wp\/v2\/media?parent=41087"}],"wp:term":[{"taxonomy":"category","embeddable":true,"href":"https:\/\/laverdadpublica.com\/index.php\/wp-json\/wp\/v2\/categories?post=41087"},{"taxonomy":"post_tag","embeddable":true,"href":"https:\/\/laverdadpublica.com\/index.php\/wp-json\/wp\/v2\/tags?post=41087"}],"curies":[{"name":"wp","href":"https:\/\/api.w.org\/{rel}","templated":true}]}}