{"id":41097,"date":"2025-03-07T19:51:50","date_gmt":"2025-03-07T19:51:50","guid":{"rendered":"https:\/\/laverdadpublica.com\/?p=41097"},"modified":"2025-03-08T19:52:12","modified_gmt":"2025-03-08T19:52:12","slug":"partido-republicano-acusa-al-congresista-adriano-espaillat-de-ser-inmigrante-ilegal","status":"publish","type":"post","link":"https:\/\/laverdadpublica.com\/index.php\/2025\/03\/07\/partido-republicano-acusa-al-congresista-adriano-espaillat-de-ser-inmigrante-ilegal\/","title":{"rendered":"Partido Republicano acusa al congresista Adriano Espaillat de ser \u00abinmigrante ilegal\u00bb"},"content":{"rendered":"<blockquote>\n<p style=\"text-align: justify;\">L\u00edderes Dem\u00f3cratas y la Comunidad Dominicana rechazan el ataque falso y xen\u00f3fobo contra el Congresista Adriano Espaillat<\/p>\n<\/blockquote>\n<p style=\"text-align: justify;\"><strong>Washington, D.C.<\/strong> \u2013 El Partido Republicano, a trav\u00e9s del Comit\u00e9 Nacional Republicano del Congreso (NRCC), ha sido duramente criticado despu\u00e9s de lanzar un ataque falso contra el congresista Adriano Espaillat (NY-13), llam\u00e1ndolo \u201cinmigrante ilegal\u201d a pesar de que es ciudadano estadounidense naturalizado desde hace m\u00e1s de 40 a\u00f1os.<\/p>\n<p style=\"text-align: justify;\">El ataque ocurri\u00f3 despu\u00e9s de que Espaillat ofreciera la respuesta dem\u00f3crata en espa\u00f1ol al discurso del presidente Trump ante el Congreso. Este intento de desinformaci\u00f3n ha sido ampliamente condenado como una t\u00e1ctica racista para desacreditar a l\u00edderes latinos y generar miedo en la comunidad inmigrante.<\/p>\n<p style=\"text-align: justify;\">Espaillat, el primer dominicano-estadounidense en el Congreso de EE.UU., emigr\u00f3 desde la Rep\u00fablica Dominicana cuando era ni\u00f1o. Su familia obtuvo la residencia permanente y se convirti\u00f3 en ciudadano estadounidense. Siendo elegido repetidamente por el pueblo de Nueva York para representar el Distrito 13, que abarca partes de Manhattan y el Bronx.<\/p>\n<p style=\"text-align: justify;\"><strong>Fuerte Reacci\u00f3n de L\u00edderes Dem\u00f3cratas y la Comunidad Dominicana<\/strong><\/p>\n<p style=\"text-align: justify;\">El ataque ha provocado una respuesta inmediata de los principales l\u00edderes dem\u00f3cratas y la comunidad latina, quienes lo han condenado como un intento descarado de desinformaci\u00f3n y xenofobia.<\/p>\n<p style=\"text-align: justify;\">El l\u00edder de la minor\u00eda en la C\u00e1mara de Representantes, Hakeem Jeffries (D-NY), fue tajante en su respuesta en X:<\/p>\n<blockquote>\n<p style=\"text-align: center;\">\u00abEstas personas son repugnantes.\u00bb<\/p>\n<\/blockquote>\n<p style=\"text-align: justify;\">El l\u00edder de la mayor\u00eda en el Senado, Chuck Schumer (D-NY), tambi\u00e9n critic\u00f3 la falsedad del NRCC, afirmando:<\/p>\n<blockquote>\n<p style=\"text-align: center;\">\u00abCurioso que el NRCC ataque a ciertos inmigrantes pero no a otros.<\/p>\n<\/blockquote>\n<p style=\"text-align: justify;\">Mi amigo Adriano y su familia pasaron por el proceso, se convirtieron en ciudadanos estadounidenses y ahora \u00e9l sirve en el Congreso de los EE.UU.<\/p>\n<blockquote>\n<p style=\"text-align: center;\">Eso es el sue\u00f1o americano.\u00bb<\/p>\n<\/blockquote>\n<p style=\"text-align: justify;\">La comunidad dominicana y latina en EE.UU. ha respondido con indignaci\u00f3n, se\u00f1alando que este ataque no solo es un insulto a Espaillat, sino a todos los dominicanos y latinos que han trabajado arduamente para construir una vida en los Estados Unidos.<\/p>\n<p style=\"text-align: justify;\"><strong>Parte de una Tendencia de ataques contra inmigrantes y ciudadanos naturalizados<\/strong><\/p>\n<p style=\"text-align: justify;\">L\u00edderes dem\u00f3cratas y activistas han advertido que esta declaraci\u00f3n del NRCC es parte de una estrategia mayor del Partido Republicano para utilizar la inmigraci\u00f3n como un arma pol\u00edtica contra las comunidades latinas y de color.<\/p>\n<p style=\"text-align: justify;\"><strong>Exigencia de una Retractaci\u00f3n P\u00fablica y una Disculpa Oficial<\/strong><\/p>\n<p style=\"text-align: justify;\">Se ha solicitado que el presidente de la C\u00e1mara de Representantes, Mike Johnson, y el liderazgo republicano se pronuncien sobre esta mentira y aclaren su postura.<\/p>\n<p>Fuente: Agencias Externas<\/p>\n","protected":false},"excerpt":{"rendered":"<p>L\u00edderes Dem\u00f3cratas y la Comunidad Dominicana rechazan el ataque falso y xen\u00f3fobo contra el Congresista<\/p>\n","protected":false},"author":1,"featured_media":41098,"comment_status":"open","ping_status":"open","sticky":false,"template":"","format":"standard","meta":{"footnotes":""},"categories":[16],"tags":[],"class_list":["post-41097","post","type-post","status-publish","format-standard","has-post-thumbnail","hentry","category-internacionales"],"_links":{"self":[{"href":"https:\/\/laverdadpublica.com\/index.php\/wp-json\/wp\/v2\/posts\/41097","targetHints":{"allow":["GET"]}}],"collection":[{"href":"https:\/\/laverdadpublica.com\/index.php\/wp-json\/wp\/v2\/posts"}],"about":[{"href":"https:\/\/laverdadpublica.com\/index.php\/wp-json\/wp\/v2\/types\/post"}],"author":[{"embeddable":true,"href":"https:\/\/laverdadpublica.com\/index.php\/wp-json\/wp\/v2\/users\/1"}],"replies":[{"embeddable":true,"href":"https:\/\/laverdadpublica.com\/index.php\/wp-json\/wp\/v2\/comments?post=41097"}],"version-history":[{"count":1,"href":"https:\/\/laverdadpublica.com\/index.php\/wp-json\/wp\/v2\/posts\/41097\/revisions"}],"predecessor-version":[{"id":41099,"href":"https:\/\/laverdadpublica.com\/index.php\/wp-json\/wp\/v2\/posts\/41097\/revisions\/41099"}],"wp:featuredmedia":[{"embeddable":true,"href":"https:\/\/laverdadpublica.com\/index.php\/wp-json\/wp\/v2\/media\/41098"}],"wp:attachment":[{"href":"https:\/\/laverdadpublica.com\/index.php\/wp-json\/wp\/v2\/media?parent=41097"}],"wp:term":[{"taxonomy":"category","embeddable":true,"href":"https:\/\/laverdadpublica.com\/index.php\/wp-json\/wp\/v2\/categories?post=41097"},{"taxonomy":"post_tag","embeddable":true,"href":"https:\/\/laverdadpublica.com\/index.php\/wp-json\/wp\/v2\/tags?post=41097"}],"curies":[{"name":"wp","href":"https:\/\/api.w.org\/{rel}","templated":true}]}}