{"id":41149,"date":"2025-03-07T22:43:40","date_gmt":"2025-03-07T22:43:40","guid":{"rendered":"https:\/\/laverdadpublica.com\/?p=41149"},"modified":"2025-03-08T22:43:48","modified_gmt":"2025-03-08T22:43:48","slug":"adoproma-realiza-acuerdo-con-sodaie-para-el-plan-coordinadora-cultural","status":"publish","type":"post","link":"https:\/\/laverdadpublica.com\/index.php\/2025\/03\/07\/adoproma-realiza-acuerdo-con-sodaie-para-el-plan-coordinadora-cultural\/","title":{"rendered":"ADOPROMA realiza acuerdo con SODAIE para el plan \u201cCoordinadora Cultural\u201d"},"content":{"rendered":"<blockquote>\n<p style=\"text-align: justify;\">Pochy Familia ofrece capacitaciones gratis entre otros beneficios para que manejadores y promotores brinden mejor sus servicios<\/p>\n<\/blockquote>\n<p style=\"text-align: justify;\">RD.- En reuni\u00f3n con el abogado y cantante Pochy Familia; presidente de la Sociedad Dominicana de Artistas, Int\u00e9rpretes y Ejecutantes (SODAIE), Valerio de Le\u00f3n; presidente de la Sociedad General de Autores, Compositores y Editores Dominicanos (SGACEDOM) y Rolando Padr\u00f3n; presidente de la Asociaci\u00f3n Dominicana de Promotores y Manejadores de Artistas (ADOPROMA) se realiz\u00f3 una alianza estrat\u00e9gica para el plan \u201cCoordinadora Cultural\u201d con el fin de beneficiar las entidades que agrupan a la comunidad art\u00edstica de la Rep\u00fablica Dominicana.<\/p>\n<p style=\"text-align: justify;\">El objetivo es fortalecer los lazos de dichas entidades para que los manejadores y promotores de artistas se capaciten en diferentes \u00e1reas de la industria de la m\u00fasica y de esta manera puedan seguir brindando un mejor servicio a los talentos y clientes que los contratan. Talleres, charlas, cursos, conferencias y otras capacitaciones, son algunos de los beneficios que ofreci\u00f3 el reconocido merenguero Pochy Familia, adem\u00e1s de seguir gestionando las pensiones necesarias para un retiro digno de miembro de ADOPROMA.<\/p>\n<p style=\"text-align: justify;\">Adem\u00e1s de los presidentes de cada gremio, estuvieron presente el vicepresidente de ADOPROMA, Marino L\u00f3pez, el secretario general Frank G\u00f3mez, el Asesor Amparo Herrera, el Vocal Julio Cesar Reyes, el secretario de actas y correspondencia Carlos Valenzuela, el director de comunicaciones Hanel Pe\u00f1a y el miembro Rafael Chalante. Los acompa\u00f1aron Yakayra Tavarez, asistente de Pochy Familia y el locutor Franky Arias.<\/p>\n<p style=\"text-align: justify;\">Entre otros temas que se tocaron fueron los de las Pol\u00edticas P\u00fablicas, la Ley del Mecenazgo y acuerdos con entidades educativas. \u201cSolo no se logra nada, en la unidad est\u00e1 la fuerza\u201d expres\u00f3 Pochy Familia, agregando \u201cSomos nosotros, SODAIE\u2026 que tenemos que orientarlos y capacitarlos a ustedes\u201d. El artista tambi\u00e9n exhort\u00f3 a los miembros de ADOPROMA que deben acercarse al Ministerio de Relaciones Exteriores (MIREX).<\/p>\n<p style=\"text-align: justify;\">Con estas iniciativas del \u201cPlan Coordinadora Cultural\u201d, los valiosos miembros de ADOPROMA, SODAIE, SGACEDOM, ONDA, ADORA Y SODINPRO seguir\u00e1n creciendo como personas y como profesionales de la industrial del arte, la cultura y el entreteniendo a nivel nacional e internacional.<\/p>\n<p style=\"text-align: justify;\">ADOPROMA ha reconocido a diversas celebridades entre ellos: cantantes, locutores, productores, manejadores, promotores con el fin de seguir motivando a que sigan realizando esforz\u00e1ndose para seguir creciendo. La reuni\u00f3n se realiz\u00f3 el d\u00eda cinco de marzo del a\u00f1o 2025 en un Restaurante de la Avenida George Washington (Malec\u00f3n) a partir de las 4:00pm donde los presentes, adem\u00e1s de exponer sus propuestas, tambi\u00e9n compartieron de manera armoniosa.<\/p>\n<p>Fuente: ADOPROMA<\/p>\n","protected":false},"excerpt":{"rendered":"<p>Pochy Familia ofrece capacitaciones gratis entre otros beneficios para que manejadores y promotores brinden mejor<\/p>\n","protected":false},"author":1,"featured_media":41150,"comment_status":"open","ping_status":"open","sticky":false,"template":"","format":"standard","meta":{"footnotes":""},"categories":[7],"tags":[],"class_list":["post-41149","post","type-post","status-publish","format-standard","has-post-thumbnail","hentry","category-nacionales"],"_links":{"self":[{"href":"https:\/\/laverdadpublica.com\/index.php\/wp-json\/wp\/v2\/posts\/41149","targetHints":{"allow":["GET"]}}],"collection":[{"href":"https:\/\/laverdadpublica.com\/index.php\/wp-json\/wp\/v2\/posts"}],"about":[{"href":"https:\/\/laverdadpublica.com\/index.php\/wp-json\/wp\/v2\/types\/post"}],"author":[{"embeddable":true,"href":"https:\/\/laverdadpublica.com\/index.php\/wp-json\/wp\/v2\/users\/1"}],"replies":[{"embeddable":true,"href":"https:\/\/laverdadpublica.com\/index.php\/wp-json\/wp\/v2\/comments?post=41149"}],"version-history":[{"count":1,"href":"https:\/\/laverdadpublica.com\/index.php\/wp-json\/wp\/v2\/posts\/41149\/revisions"}],"predecessor-version":[{"id":41151,"href":"https:\/\/laverdadpublica.com\/index.php\/wp-json\/wp\/v2\/posts\/41149\/revisions\/41151"}],"wp:featuredmedia":[{"embeddable":true,"href":"https:\/\/laverdadpublica.com\/index.php\/wp-json\/wp\/v2\/media\/41150"}],"wp:attachment":[{"href":"https:\/\/laverdadpublica.com\/index.php\/wp-json\/wp\/v2\/media?parent=41149"}],"wp:term":[{"taxonomy":"category","embeddable":true,"href":"https:\/\/laverdadpublica.com\/index.php\/wp-json\/wp\/v2\/categories?post=41149"},{"taxonomy":"post_tag","embeddable":true,"href":"https:\/\/laverdadpublica.com\/index.php\/wp-json\/wp\/v2\/tags?post=41149"}],"curies":[{"name":"wp","href":"https:\/\/api.w.org\/{rel}","templated":true}]}}