{"id":41176,"date":"2025-03-07T23:22:40","date_gmt":"2025-03-07T23:22:40","guid":{"rendered":"https:\/\/laverdadpublica.com\/?p=41176"},"modified":"2025-03-08T23:22:57","modified_gmt":"2025-03-08T23:22:57","slug":"accidente-deja-varios-militares-fallecidos-y-otros-heridos-en-autopista-duarte-911-coordina-asistencia","status":"publish","type":"post","link":"https:\/\/laverdadpublica.com\/index.php\/2025\/03\/07\/accidente-deja-varios-militares-fallecidos-y-otros-heridos-en-autopista-duarte-911-coordina-asistencia\/","title":{"rendered":"Accidente deja varios militares fallecidos y otros heridos en autopista Duarte; 911 coordina asistencia"},"content":{"rendered":"<p style=\"text-align: justify;\">SANTO DOMINGO.- Al menos dos militares fallecidos y una cantidad indeterminada de heridos es el saldo preliminar de un accidente de tr\u00e1nsito registrado la ma\u00f1ana de este viernes en la autopista Duarte, en direcci\u00f3n hacia el Cibao, varios kil\u00f3metros despu\u00e9s de Piedra Blanca, Bonao.<\/p>\n<p style=\"text-align: justify;\">En el incidente estuvieron involucrados tres veh\u00edculos: un cami\u00f3n, una patana y un autob\u00fas, resultando alrededor de 15 personas afectadas de las cuales han sido confirmadas dos fallecidas. El caso se encuentra en desarrollo.<\/p>\n<p style=\"text-align: justify;\">Desde la recepci\u00f3n del reporte, el Sistema 911 coordin\u00f3 el env\u00edo de cinco ambulancias de la Direcci\u00f3n de Servicios de Atenci\u00f3n a Emergencias Extrahospitalarias (DAEH); adem\u00e1s, se han desplegado unidades de la Polic\u00eda Nacional, la Direcci\u00f3n General de Seguridad de Tr\u00e1nsito y Transporte Terrestre (DIGESETT), el Cuerpo de Bomberos y el Ministerio de Obras P\u00fablicas y Comunicaciones (MOPC) para gestionar la seguridad y el tr\u00e1fico en la zona.<\/p>\n<p style=\"text-align: justify;\">El personal de las instituciones de respuesta contin\u00faa trabajando arduamente en la escena para atender a los afectados y restablecer la normalidad en la v\u00eda, donde el tr\u00e1nsito permaneci\u00f3 fluido, aunque con lentitud.<\/p>\n<p style=\"text-align: justify;\">El Sistema 911 destaca el compromiso de los equipos de respuesta involucrados en el evento y exhorta a la ciudadan\u00eda a ceder el paso a los veh\u00edculos de emergencia para facilitar una atenci\u00f3n eficiente.<\/p>\n<p>Fuente: Prensa 911<\/p>\n","protected":false},"excerpt":{"rendered":"<p>SANTO DOMINGO.- Al menos dos militares fallecidos y una cantidad indeterminada de heridos es el<\/p>\n","protected":false},"author":1,"featured_media":41177,"comment_status":"open","ping_status":"open","sticky":false,"template":"","format":"standard","meta":{"footnotes":""},"categories":[7],"tags":[],"class_list":["post-41176","post","type-post","status-publish","format-standard","has-post-thumbnail","hentry","category-nacionales"],"_links":{"self":[{"href":"https:\/\/laverdadpublica.com\/index.php\/wp-json\/wp\/v2\/posts\/41176","targetHints":{"allow":["GET"]}}],"collection":[{"href":"https:\/\/laverdadpublica.com\/index.php\/wp-json\/wp\/v2\/posts"}],"about":[{"href":"https:\/\/laverdadpublica.com\/index.php\/wp-json\/wp\/v2\/types\/post"}],"author":[{"embeddable":true,"href":"https:\/\/laverdadpublica.com\/index.php\/wp-json\/wp\/v2\/users\/1"}],"replies":[{"embeddable":true,"href":"https:\/\/laverdadpublica.com\/index.php\/wp-json\/wp\/v2\/comments?post=41176"}],"version-history":[{"count":1,"href":"https:\/\/laverdadpublica.com\/index.php\/wp-json\/wp\/v2\/posts\/41176\/revisions"}],"predecessor-version":[{"id":41178,"href":"https:\/\/laverdadpublica.com\/index.php\/wp-json\/wp\/v2\/posts\/41176\/revisions\/41178"}],"wp:featuredmedia":[{"embeddable":true,"href":"https:\/\/laverdadpublica.com\/index.php\/wp-json\/wp\/v2\/media\/41177"}],"wp:attachment":[{"href":"https:\/\/laverdadpublica.com\/index.php\/wp-json\/wp\/v2\/media?parent=41176"}],"wp:term":[{"taxonomy":"category","embeddable":true,"href":"https:\/\/laverdadpublica.com\/index.php\/wp-json\/wp\/v2\/categories?post=41176"},{"taxonomy":"post_tag","embeddable":true,"href":"https:\/\/laverdadpublica.com\/index.php\/wp-json\/wp\/v2\/tags?post=41176"}],"curies":[{"name":"wp","href":"https:\/\/api.w.org\/{rel}","templated":true}]}}