{"id":41283,"date":"2025-03-09T08:43:57","date_gmt":"2025-03-09T08:43:57","guid":{"rendered":"https:\/\/laverdadpublica.com\/?p=41283"},"modified":"2025-03-09T23:51:37","modified_gmt":"2025-03-09T23:51:37","slug":"hoy-conmemoramos-208-anos-del-natalicio-de-francisco-del-rosario-sanchez","status":"publish","type":"post","link":"https:\/\/laverdadpublica.com\/index.php\/2025\/03\/09\/hoy-conmemoramos-208-anos-del-natalicio-de-francisco-del-rosario-sanchez\/","title":{"rendered":"Hoy conmemoramos 208 a\u00f1os del natalicio de Francisco del Rosario S\u00e1nchez"},"content":{"rendered":"<p style=\"text-align: justify;\"><strong>Santo Domingo.<\/strong> \u2013 Este 9 de marzo se conmemora 208 a\u00f1os del natalicio de Francisco del Rosario S\u00e1nchez, uno de los tres Padres de la Patria de la Rep\u00fablica Dominicana, junto a Juan Pablo Duarte y Mat\u00edas Ram\u00f3n Mella.<\/p>\n<p style=\"text-align: justify;\">Nacido en 1817 en Santo Domingo, S\u00e1nchez fue un l\u00edder clave en la lucha independentista contra la dominaci\u00f3n haitiana. Hijo de Narciso S\u00e1nchez Ramona y Olaya del Rosario de Bel\u00e9n Fern\u00e1ndez, creci\u00f3 en un ambiente de fuerte conciencia patri\u00f3tica. Aunque autodidacta, adquiri\u00f3 una vasta cultura, dominando el franc\u00e9s y el lat\u00edn, y destac\u00f3 como orador y abogado.<\/p>\n<p style=\"text-align: justify;\">En 1843 asumi\u00f3 la direcci\u00f3n del movimiento independentista La Trinitaria tras la salida de Duarte al exilio. Un a\u00f1o despu\u00e9s, redact\u00f3 el manifiesto independentista publicado el 16 de enero de 1844. El 27 de febrero de ese mismo a\u00f1o, luego del trabucazo de Mella, iz\u00f3 la bandera dominicana y proclam\u00f3 el lema:<\/p>\n<blockquote>\n<p style=\"text-align: justify;\">\u201c\u00a1Dios, Patria y Libertad!\u201d.<\/p>\n<\/blockquote>\n<p style=\"text-align: justify;\">Tras la independencia, S\u00e1nchez enfrent\u00f3 varios exilios por su oposici\u00f3n a la anexi\u00f3n del pa\u00eds a Espa\u00f1a impulsada por Pedro Santana. En 1861, lider\u00f3 una expedici\u00f3n revolucionaria, pero fue capturado en San Juan de la Maguana y fusilado el 4 de julio de 1861.<\/p>\n<blockquote>\n<p style=\"text-align: justify;\">Hoy, en el aniversario de su nacimiento, la naci\u00f3n recuerda su valent\u00eda y compromiso con la soberan\u00eda dominicana.<\/p>\n<\/blockquote>\n<p>&nbsp;<\/p>\n<p>Fuente: ND Digital<\/p>\n<p>&nbsp;<\/p>\n","protected":false},"excerpt":{"rendered":"<p>Santo Domingo. \u2013 Este 9 de marzo se conmemora 208 a\u00f1os del natalicio de Francisco<\/p>\n","protected":false},"author":2,"featured_media":41284,"comment_status":"open","ping_status":"open","sticky":false,"template":"","format":"standard","meta":{"footnotes":""},"categories":[7],"tags":[],"class_list":["post-41283","post","type-post","status-publish","format-standard","has-post-thumbnail","hentry","category-nacionales"],"_links":{"self":[{"href":"https:\/\/laverdadpublica.com\/index.php\/wp-json\/wp\/v2\/posts\/41283","targetHints":{"allow":["GET"]}}],"collection":[{"href":"https:\/\/laverdadpublica.com\/index.php\/wp-json\/wp\/v2\/posts"}],"about":[{"href":"https:\/\/laverdadpublica.com\/index.php\/wp-json\/wp\/v2\/types\/post"}],"author":[{"embeddable":true,"href":"https:\/\/laverdadpublica.com\/index.php\/wp-json\/wp\/v2\/users\/2"}],"replies":[{"embeddable":true,"href":"https:\/\/laverdadpublica.com\/index.php\/wp-json\/wp\/v2\/comments?post=41283"}],"version-history":[{"count":1,"href":"https:\/\/laverdadpublica.com\/index.php\/wp-json\/wp\/v2\/posts\/41283\/revisions"}],"predecessor-version":[{"id":41285,"href":"https:\/\/laverdadpublica.com\/index.php\/wp-json\/wp\/v2\/posts\/41283\/revisions\/41285"}],"wp:featuredmedia":[{"embeddable":true,"href":"https:\/\/laverdadpublica.com\/index.php\/wp-json\/wp\/v2\/media\/41284"}],"wp:attachment":[{"href":"https:\/\/laverdadpublica.com\/index.php\/wp-json\/wp\/v2\/media?parent=41283"}],"wp:term":[{"taxonomy":"category","embeddable":true,"href":"https:\/\/laverdadpublica.com\/index.php\/wp-json\/wp\/v2\/categories?post=41283"},{"taxonomy":"post_tag","embeddable":true,"href":"https:\/\/laverdadpublica.com\/index.php\/wp-json\/wp\/v2\/tags?post=41283"}],"curies":[{"name":"wp","href":"https:\/\/api.w.org\/{rel}","templated":true}]}}