{"id":41425,"date":"2025-03-12T19:33:21","date_gmt":"2025-03-12T19:33:21","guid":{"rendered":"https:\/\/laverdadpublica.com\/?p=41425"},"modified":"2025-03-12T19:33:21","modified_gmt":"2025-03-12T19:33:21","slug":"diputado-manuel-nunez-agradece-al-sns-y-mived-por-iniciar-remodelacion-hospital-salvador-b-gautier","status":"publish","type":"post","link":"https:\/\/laverdadpublica.com\/index.php\/2025\/03\/12\/diputado-manuel-nunez-agradece-al-sns-y-mived-por-iniciar-remodelacion-hospital-salvador-b-gautier\/","title":{"rendered":"Diputado Manuel N\u00fa\u00f1ez agradece al SNS y MIVED por iniciar remodelaci\u00f3n hospital Salvador B. Gautier"},"content":{"rendered":"<blockquote>\n<p style=\"text-align: justify;\">N\u00fa\u00f1ez hizo su planteamiento durante la sesi\u00f3n ordinaria en la C\u00e1mara de Diputados, donde agradeci\u00f3 de manera en\u00e9rgica al director del SNS, Mario Lama y al Ministro de la Vivienda, Carlos Bonilla, por acoger su solicitud realizada en la pasada legislatura.<\/p>\n<\/blockquote>\n<p style=\"text-align: justify;\">Manuel N\u00fa\u00f1ez, diputado del Partido Revolucionario Moderno (PRM) por la Circunscripci\u00f3n #2 del Distrito Nacional, agradeci\u00f3 durante una intervenci\u00f3n en la sesi\u00f3n de la C\u00e1mara de Diputados celebrada este martes 11 de marzo, al director del Servicio Nacional de Salud (SNS), Mario Lama, y al Ministro de la Vivienda (MIVED), Carlos Bonilla, por acoger la solicitud de remozar el Hospital Salvador B. Gautier, consider\u00e1ndolo como un compromiso con la salud de esa demarcaci\u00f3n.<\/p>\n<blockquote>\n<p style=\"text-align: justify;\">\u201cQueremos felicitar que el d\u00eda de ayer el director del SNS, Mario Lama anunci\u00f3 que se va a remozar de manera firme ese gran hospital -Salvador B. Gautier- que queda en el coraz\u00f3n de La Fe y colinda con esa barriada que tanto necesita, Cristo Rey\u201d.<\/p>\n<\/blockquote>\n<p style=\"text-align: justify;\">N\u00fa\u00f1ez, en su rol de representante y fiscalizador de la Circunscripci\u00f3n 2 del Distrito Nacional, se comprometi\u00f3 a darle un fiel seguimiento al proceso de remozamiento de este hospital<\/p>\n<blockquote>\n<p style=\"text-align: justify;\">\u201cAs\u00ed que le vamos a dar un fiel seguimiento para este llamado que hicimos se mantenga de manera firme y este hospital que est\u00e1 en nuestra demarcaci\u00f3n pueda ser remozado a la vanguardia de los nuevos tiempos\u201d, asever\u00f3 Manuel N\u00fa\u00f1ez durante su intervenci\u00f3n.<\/p>\n<\/blockquote>\n<p style=\"text-align: justify;\">El Hospital Salvador B. Gautier es una instituci\u00f3n de salud de tercer Nivel Docente, con 23 Residencia Medicas, cuatro de las cuales son exclusivas; pertenecientes al Servicio Regional de Salud Metropolitano.<\/p>\n<p style=\"text-align: justify;\">Fuente:\u00a0 Milc\u00edades Guevara De la Paz (MILGUEDEP)<\/p>\n","protected":false},"excerpt":{"rendered":"<p>N\u00fa\u00f1ez hizo su planteamiento durante la sesi\u00f3n ordinaria en la C\u00e1mara de Diputados, donde agradeci\u00f3<\/p>\n","protected":false},"author":1,"featured_media":41426,"comment_status":"open","ping_status":"open","sticky":false,"template":"","format":"standard","meta":{"footnotes":""},"categories":[221],"tags":[],"class_list":["post-41425","post","type-post","status-publish","format-standard","has-post-thumbnail","hentry","category-salud"],"_links":{"self":[{"href":"https:\/\/laverdadpublica.com\/index.php\/wp-json\/wp\/v2\/posts\/41425","targetHints":{"allow":["GET"]}}],"collection":[{"href":"https:\/\/laverdadpublica.com\/index.php\/wp-json\/wp\/v2\/posts"}],"about":[{"href":"https:\/\/laverdadpublica.com\/index.php\/wp-json\/wp\/v2\/types\/post"}],"author":[{"embeddable":true,"href":"https:\/\/laverdadpublica.com\/index.php\/wp-json\/wp\/v2\/users\/1"}],"replies":[{"embeddable":true,"href":"https:\/\/laverdadpublica.com\/index.php\/wp-json\/wp\/v2\/comments?post=41425"}],"version-history":[{"count":1,"href":"https:\/\/laverdadpublica.com\/index.php\/wp-json\/wp\/v2\/posts\/41425\/revisions"}],"predecessor-version":[{"id":41427,"href":"https:\/\/laverdadpublica.com\/index.php\/wp-json\/wp\/v2\/posts\/41425\/revisions\/41427"}],"wp:featuredmedia":[{"embeddable":true,"href":"https:\/\/laverdadpublica.com\/index.php\/wp-json\/wp\/v2\/media\/41426"}],"wp:attachment":[{"href":"https:\/\/laverdadpublica.com\/index.php\/wp-json\/wp\/v2\/media?parent=41425"}],"wp:term":[{"taxonomy":"category","embeddable":true,"href":"https:\/\/laverdadpublica.com\/index.php\/wp-json\/wp\/v2\/categories?post=41425"},{"taxonomy":"post_tag","embeddable":true,"href":"https:\/\/laverdadpublica.com\/index.php\/wp-json\/wp\/v2\/tags?post=41425"}],"curies":[{"name":"wp","href":"https:\/\/api.w.org\/{rel}","templated":true}]}}