{"id":41556,"date":"2025-03-13T21:56:52","date_gmt":"2025-03-13T21:56:52","guid":{"rendered":"https:\/\/laverdadpublica.com\/?p=41556"},"modified":"2025-03-13T21:57:24","modified_gmt":"2025-03-13T21:57:24","slug":"tsa-ratifica-altos-estandares-de-seguridad-en-el-mdsd-y-felicita-al-cesac-tras-informe-preliminar-sin-observaciones","status":"publish","type":"post","link":"https:\/\/laverdadpublica.com\/index.php\/2025\/03\/13\/tsa-ratifica-altos-estandares-de-seguridad-en-el-mdsd-y-felicita-al-cesac-tras-informe-preliminar-sin-observaciones\/","title":{"rendered":"TSA ratifica altos est\u00e1ndares de seguridad en el MDSD y felicita al CESAC tras informe preliminar sin observaciones"},"content":{"rendered":"<p style=\"text-align: justify;\">Por Felix Rubio<\/p>\n<p style=\"text-align: justify;\">Como parte de los esfuerzos conjuntos para fortalecer la seguridad de la aviaci\u00f3n civil y garantizar el cumplimiento de los m\u00e1s altos est\u00e1ndares internacionales, el Cuerpo Especializado en Seguridad Aeroportuaria y de la Aviaci\u00f3n Civil (CESAC) y la Administraci\u00f3n de Seguridad en el Transporte (TSA), por sus siglas en ingl\u00e9s, sostuvieron una reuni\u00f3n estrat\u00e9gica tras la culminaci\u00f3n de una evaluaci\u00f3n de los protocolos de seguridad aeroportuaria en la Rep\u00fablica Dominicana.<img decoding=\"async\" class=\"size-medium wp-image-41558 alignleft lazyload\" data-src=\"https:\/\/laverdadpublica.com\/wp-content\/uploads\/2025\/03\/IMG-20250313-WA0117-240x300.jpg\" alt=\"\" width=\"240\" height=\"300\" data-srcset=\"https:\/\/laverdadpublica.com\/wp-content\/uploads\/2025\/03\/IMG-20250313-WA0117-240x300.jpg 240w, https:\/\/laverdadpublica.com\/wp-content\/uploads\/2025\/03\/IMG-20250313-WA0117-819x1024.jpg 819w, https:\/\/laverdadpublica.com\/wp-content\/uploads\/2025\/03\/IMG-20250313-WA0117-768x960.jpg 768w, https:\/\/laverdadpublica.com\/wp-content\/uploads\/2025\/03\/IMG-20250313-WA0117-1228x1536.jpg 1228w, https:\/\/laverdadpublica.com\/wp-content\/uploads\/2025\/03\/IMG-20250313-WA0117-1638x2048.jpg 1638w, https:\/\/laverdadpublica.com\/wp-content\/uploads\/2025\/03\/IMG-20250313-WA0117-scaled.jpg 2047w\" data-sizes=\"(max-width: 240px) 100vw, 240px\" src=\"data:image\/svg+xml;base64,PHN2ZyB3aWR0aD0iMSIgaGVpZ2h0PSIxIiB4bWxucz0iaHR0cDovL3d3dy53My5vcmcvMjAwMC9zdmciPjwvc3ZnPg==\" style=\"--smush-placeholder-width: 240px; --smush-placeholder-aspect-ratio: 240\/300;\" \/><\/p>\n<p style=\"text-align: justify;\">El encuentro, desarrollado en las instalaciones del CESAC, fue presidido por el general de brigada piloto Enmanuel Souffront Tamayo, FARD, director general del CESAC, y cont\u00f3 con la participaci\u00f3n de la delegaci\u00f3n de la TSA, integrada por Olympia Lynch, Shawn Lulkin (l\u00edder del equipo), Alfredo G\u00f3mez, Kevin Yap Sam y David Heaton. Los especialistas de la TSA aportaron su experiencia y conocimientos t\u00e9cnicos en la materia, con el objetivo de fortalecer la cooperaci\u00f3n bilateral en la vigilancia y protecci\u00f3n de las infraestructuras aeroportuarias del pa\u00eds.<\/p>\n<blockquote>\n<p style=\"text-align: justify;\">Como parte de la agenda de trabajo, la delegaci\u00f3n de la TSA realiz\u00f3 una inspecci\u00f3n t\u00e9cnica en el Aeropuerto Internacional de Las Am\u00e9ricas (MDSD), evaluando la eficacia de las medidas de seguridad, los procedimientos operacionales y la documentaci\u00f3n nacional en cumplimiento con los lineamientos de la Organizaci\u00f3n de Aviaci\u00f3n Civil Internacional (OACI). Como resultado de la revisi\u00f3n, la TSA confirm\u00f3 que no se identificaron observaciones ni recomendaciones, destacando la solidez de los controles implementados y el alto nivel de cumplimiento de los est\u00e1ndares de seguridad en la terminal a\u00e9rea.<\/p>\n<\/blockquote>\n<p style=\"text-align: justify;\">El general Souffront Tamayo expres\u00f3 su satisfacci\u00f3n por los resultados obtenidos, resaltando el compromiso del CESAC con la mejora continua y la implementaci\u00f3n de mejores pr\u00e1cticas internacionales que garanticen la protecci\u00f3n de los pasajeros, aeronaves y personal aeroportuario. Asimismo,<img decoding=\"async\" class=\"size-medium wp-image-41557 alignright lazyload\" data-src=\"https:\/\/laverdadpublica.com\/wp-content\/uploads\/2025\/03\/IMG-20250313-WA0118-240x300.jpg\" alt=\"\" width=\"240\" height=\"300\" data-srcset=\"https:\/\/laverdadpublica.com\/wp-content\/uploads\/2025\/03\/IMG-20250313-WA0118-240x300.jpg 240w, https:\/\/laverdadpublica.com\/wp-content\/uploads\/2025\/03\/IMG-20250313-WA0118-819x1024.jpg 819w, https:\/\/laverdadpublica.com\/wp-content\/uploads\/2025\/03\/IMG-20250313-WA0118-768x960.jpg 768w, https:\/\/laverdadpublica.com\/wp-content\/uploads\/2025\/03\/IMG-20250313-WA0118-1229x1536.jpg 1229w, https:\/\/laverdadpublica.com\/wp-content\/uploads\/2025\/03\/IMG-20250313-WA0118-1639x2048.jpg 1639w, https:\/\/laverdadpublica.com\/wp-content\/uploads\/2025\/03\/IMG-20250313-WA0118-scaled.jpg 2048w\" data-sizes=\"(max-width: 240px) 100vw, 240px\" src=\"data:image\/svg+xml;base64,PHN2ZyB3aWR0aD0iMSIgaGVpZ2h0PSIxIiB4bWxucz0iaHR0cDovL3d3dy53My5vcmcvMjAwMC9zdmciPjwvc3ZnPg==\" style=\"--smush-placeholder-width: 240px; --smush-placeholder-aspect-ratio: 240\/300;\" \/> reafirm\u00f3 la importancia de la cooperaci\u00f3n con organismos internacionales para fortalecer la seguridad operacional en los aeropuertos del pa\u00eds.<\/p>\n<p style=\"text-align: justify;\">Esta evaluaci\u00f3n sin observaciones representa un reconocimiento a la labor del CESAC y refuerza la alianza estrat\u00e9gica con la TSA, consolidando a la Rep\u00fablica Dominicana como referente regional en seguridad aeroportuaria y cumplimiento normativo.<\/p>\n<p>Fuente: CESAC<\/p>\n","protected":false},"excerpt":{"rendered":"<p>Por Felix Rubio Como parte de los esfuerzos conjuntos para fortalecer la seguridad de la<\/p>\n","protected":false},"author":1,"featured_media":41559,"comment_status":"open","ping_status":"open","sticky":false,"template":"","format":"standard","meta":{"footnotes":""},"categories":[7],"tags":[],"class_list":["post-41556","post","type-post","status-publish","format-standard","has-post-thumbnail","hentry","category-nacionales"],"_links":{"self":[{"href":"https:\/\/laverdadpublica.com\/index.php\/wp-json\/wp\/v2\/posts\/41556","targetHints":{"allow":["GET"]}}],"collection":[{"href":"https:\/\/laverdadpublica.com\/index.php\/wp-json\/wp\/v2\/posts"}],"about":[{"href":"https:\/\/laverdadpublica.com\/index.php\/wp-json\/wp\/v2\/types\/post"}],"author":[{"embeddable":true,"href":"https:\/\/laverdadpublica.com\/index.php\/wp-json\/wp\/v2\/users\/1"}],"replies":[{"embeddable":true,"href":"https:\/\/laverdadpublica.com\/index.php\/wp-json\/wp\/v2\/comments?post=41556"}],"version-history":[{"count":2,"href":"https:\/\/laverdadpublica.com\/index.php\/wp-json\/wp\/v2\/posts\/41556\/revisions"}],"predecessor-version":[{"id":41561,"href":"https:\/\/laverdadpublica.com\/index.php\/wp-json\/wp\/v2\/posts\/41556\/revisions\/41561"}],"wp:featuredmedia":[{"embeddable":true,"href":"https:\/\/laverdadpublica.com\/index.php\/wp-json\/wp\/v2\/media\/41559"}],"wp:attachment":[{"href":"https:\/\/laverdadpublica.com\/index.php\/wp-json\/wp\/v2\/media?parent=41556"}],"wp:term":[{"taxonomy":"category","embeddable":true,"href":"https:\/\/laverdadpublica.com\/index.php\/wp-json\/wp\/v2\/categories?post=41556"},{"taxonomy":"post_tag","embeddable":true,"href":"https:\/\/laverdadpublica.com\/index.php\/wp-json\/wp\/v2\/tags?post=41556"}],"curies":[{"name":"wp","href":"https:\/\/api.w.org\/{rel}","templated":true}]}}