{"id":41710,"date":"2025-03-14T22:58:53","date_gmt":"2025-03-14T22:58:53","guid":{"rendered":"https:\/\/laverdadpublica.com\/?p=41710"},"modified":"2025-03-14T22:58:53","modified_gmt":"2025-03-14T22:58:53","slug":"50-9-votaria-por-martin-montilla-para-el-decanato-de-la-facultad-de-ciencias-juridicas-y-politicas-de-la-uasd","status":"publish","type":"post","link":"https:\/\/laverdadpublica.com\/index.php\/2025\/03\/14\/50-9-votaria-por-martin-montilla-para-el-decanato-de-la-facultad-de-ciencias-juridicas-y-politicas-de-la-uasd\/","title":{"rendered":"50.9% votar\u00eda por Mart\u00edn Montilla para el Decanato de la Facultad de Ciencias Jur\u00eddicas y Pol\u00edticas de la UASD"},"content":{"rendered":"<blockquote>\n<p style=\"text-align: justify;\">Seg\u00fan la encuesta PASDAL, el 50.9% de los profesores votar\u00edan por el maestro Mart\u00edn Montilla para dirigir el decanato de la Facultad de Ciencias Jur\u00eddicas y Pol\u00edticas de la Universidad Aut\u00f3noma de Santo Domingo (UASD) en las elecciones de febrero del a\u00f1o 2026.<\/p>\n<\/blockquote>\n<p style=\"text-align: justify;\">El 50.9% de los electores h\u00e1biles para ejercer el voto est\u00e1n a favor de que el maestro Mart\u00edn Montilla dirija los destinos del decanato de la Facultad de Ciencias Pol\u00edticas y Jur\u00eddicas de la Universidad Aut\u00f3noma de Santo Domingo (UASD), seg\u00fan la Primera Encuesta de Evaluaci\u00f3n de la Actual Gesti\u00f3n Universitaria y Perspectivas Futuras de la UASD (Febrero 2025), realizada por la firma encuestadora PASDAL.<\/p>\n<p><strong>Tendencia Ascendente<\/strong><\/p>\n<p style=\"text-align: justify;\">Mart\u00edn Montilla, actual director Escuela de Derecho de dicha universidad, se perfila como el favorito dentro de sus opositores para ocupar el decanato de la facultad, ya que presenta una tendencia ascendente entre sus contrincantes, superando por casi 5 puntos porcentuales a su m\u00e1s cercano contendor.<\/p>\n<p><strong>Sobre la Encuesta<\/strong><\/p>\n<p style=\"text-align: justify;\">La encuesta PASDAL se realiza con una ficha t\u00e9cnica cient\u00edfica, con una muestra superior al 70% de la poblaci\u00f3n h\u00e1bil para votar, lo que refleja la gran acertividad que tiene esta firma encuestadora sobre el proceso interno electoral de la UASD.<\/p>\n<p>&nbsp;<\/p>\n<p>Fuente:\u00a0 Milc\u00edades Guevara (MILGUEDEP)<\/p>\n","protected":false},"excerpt":{"rendered":"<p>Seg\u00fan la encuesta PASDAL, el 50.9% de los profesores votar\u00edan por el maestro Mart\u00edn Montilla<\/p>\n","protected":false},"author":1,"featured_media":41711,"comment_status":"open","ping_status":"open","sticky":false,"template":"","format":"standard","meta":{"footnotes":""},"categories":[7],"tags":[],"class_list":["post-41710","post","type-post","status-publish","format-standard","has-post-thumbnail","hentry","category-nacionales"],"_links":{"self":[{"href":"https:\/\/laverdadpublica.com\/index.php\/wp-json\/wp\/v2\/posts\/41710","targetHints":{"allow":["GET"]}}],"collection":[{"href":"https:\/\/laverdadpublica.com\/index.php\/wp-json\/wp\/v2\/posts"}],"about":[{"href":"https:\/\/laverdadpublica.com\/index.php\/wp-json\/wp\/v2\/types\/post"}],"author":[{"embeddable":true,"href":"https:\/\/laverdadpublica.com\/index.php\/wp-json\/wp\/v2\/users\/1"}],"replies":[{"embeddable":true,"href":"https:\/\/laverdadpublica.com\/index.php\/wp-json\/wp\/v2\/comments?post=41710"}],"version-history":[{"count":1,"href":"https:\/\/laverdadpublica.com\/index.php\/wp-json\/wp\/v2\/posts\/41710\/revisions"}],"predecessor-version":[{"id":41712,"href":"https:\/\/laverdadpublica.com\/index.php\/wp-json\/wp\/v2\/posts\/41710\/revisions\/41712"}],"wp:featuredmedia":[{"embeddable":true,"href":"https:\/\/laverdadpublica.com\/index.php\/wp-json\/wp\/v2\/media\/41711"}],"wp:attachment":[{"href":"https:\/\/laverdadpublica.com\/index.php\/wp-json\/wp\/v2\/media?parent=41710"}],"wp:term":[{"taxonomy":"category","embeddable":true,"href":"https:\/\/laverdadpublica.com\/index.php\/wp-json\/wp\/v2\/categories?post=41710"},{"taxonomy":"post_tag","embeddable":true,"href":"https:\/\/laverdadpublica.com\/index.php\/wp-json\/wp\/v2\/tags?post=41710"}],"curies":[{"name":"wp","href":"https:\/\/api.w.org\/{rel}","templated":true}]}}