{"id":41741,"date":"2025-03-14T14:22:49","date_gmt":"2025-03-14T14:22:49","guid":{"rendered":"https:\/\/laverdadpublica.com\/?p=41741"},"modified":"2025-03-15T03:22:58","modified_gmt":"2025-03-15T03:22:58","slug":"belleza-fresca-y-sofisticada-las-claves-de-robert-martinez-para-la-alfombra-roja-de-los-premios-soberano-2025","status":"publish","type":"post","link":"https:\/\/laverdadpublica.com\/index.php\/2025\/03\/14\/belleza-fresca-y-sofisticada-las-claves-de-robert-martinez-para-la-alfombra-roja-de-los-premios-soberano-2025\/","title":{"rendered":"Belleza fresca y sofisticada: las claves de Robert Mart\u00ednez para la alfombra roja de los Premios Soberano 2025"},"content":{"rendered":"<blockquote>\n<p style=\"text-align: justify;\">Elegancia natural y piel luminosa marcar\u00e1n la pauta en la alfombra roja m\u00e1s esperada del a\u00f1o<\/p>\n<\/blockquote>\n<p>&nbsp;<\/p>\n<p style=\"text-align: justify;\">Santo Domingo. \u2014 El reconocido maquillador dominicano Robert Mart\u00ednez apuesta por una belleza fresca, natural y sofisticada para los Premios Soberano 2025. Su propuesta se enfoca en realzar la esencia de cada rostro, con especial atenci\u00f3n en una piel radiante y bien trabajada.<\/p>\n<blockquote>\n<p style=\"text-align: justify;\">\u00abEste 2025, el maquillaje de la alfombra roja se inclina hacia una belleza m\u00e1s fresca y natural, sin perder la elegancia que caracteriza este evento. En esta edici\u00f3n, mi enfoque estar\u00e1 en resaltar la piel radiante y luminosa. Creo firmemente que una piel bien trabajada es la clave para un look impecable\u00bb, asegura el experto.<\/p>\n<\/blockquote>\n<p style=\"text-align: justify;\">Mart\u00ednez recomienda bases ligeras y un efecto \u201cglow\u201d sutil que aporte frescura y salud al rostro. \u00abLas mejillas llevar\u00e1n un toque de color sutil para aportar vida y calidez al maquillaje\u00bb, a\u00f1ade.<\/p>\n<blockquote>\n<p style=\"text-align: justify;\">Robert Mart\u00ednez revela sus recomendaciones de maquillaje para las estrellas que desfilen en la alfombra roja de los Premios Soberano 2025.<\/p>\n<\/blockquote>\n<p style=\"text-align: justify;\">Una de sus grandes apuestas es el \u201ccherry makeup\u201d, una tendencia que combina tonos cereza en labios, mejillas y p\u00e1rpados. \u00abMe encanta porque aporta un aire juvenil y sofisticado. Se trata de jugar con tonos cereza logrando un look armonioso y lleno de personalidad\u00bb, explica. En cuanto a los ojos, el maquillador prefiere un enfoque m\u00e1s suave: \u00abLa tendencia ser\u00e1 menos recargada. Opto por delineados sutiles y sombras en tonos neutros, evitando los ahumados intensos y dando protagonismo a una mirada m\u00e1s limpia y expresiva\u00bb, concluye.<\/p>\n<p style=\"text-align: justify;\"><strong>Sobre Robert Mart\u00ednez<\/strong><\/p>\n<p style=\"text-align: justify;\">Robert Mart\u00ednez es un maquillador profesional dominicano, nacido el 31 de julio de 1998 en Santo Domingo. Su talento y estilo lo han llevado a trabajar con reconocidas figuras del medio art\u00edstico, tanto en Rep\u00fablica Dominicana como en el extranjero.<\/p>\n<p style=\"text-align: justify;\">Ha embellecido a personalidades como Amara La Negra, Jessica Medina, P\u00e1vel N\u00fa\u00f1ez, y las comunicadoras Vitaly S\u00e1nchez, Yamilez Valdez, Yelida Mej\u00eda, Yubelkis Peralta y Denis Pe\u00f1a. Adem\u00e1s de su destacada carrera como maquillador, es CEO de la marca de maquillaje Pink as Gold (@Pinkasgold), junto a Michelle Cobb, y socio de AC Brow Academy, junto a Anna Cuffaro. Tambi\u00e9n es creador de contenido digital (@Glambyrob_), compartiendo su experiencia en plataformas donde inspira a miles con su estilo fresco, profesional y aut\u00e9ntico.<\/p>\n<p style=\"text-align: justify;\"><strong>Sobre Premios Soberano 2025<\/strong><\/p>\n<p style=\"text-align: justify;\">Los Premios Soberano 2025, la m\u00e1xima celebraci\u00f3n de la cultura y el arte dominicano, contar\u00e1n este a\u00f1o con Karen Yapoort, Raeldo L\u00f3pez, Nahiony Reyes y el veterano estilista y comentarista de moda, Reading Pantale\u00f3n, para su alfombra roja. La gala de los Premios Soberano se celebrar\u00e1 el martes 25 de marzo a las 7:00 p.m. en el Teatro Nacional Eduardo Brito. El evento ser\u00e1 transmitido en Color Visi\u00f3n (canal 9) para Rep\u00fablica Dominicana, Univisi\u00f3n para Estados Unidos y globalmente por la plataforma ViX.<\/p>\n<p>Fuente: Equipo Robert Mart\u00ednez<\/p>\n","protected":false},"excerpt":{"rendered":"<p>Elegancia natural y piel luminosa marcar\u00e1n la pauta en la alfombra roja m\u00e1s esperada del<\/p>\n","protected":false},"author":1,"featured_media":41742,"comment_status":"open","ping_status":"open","sticky":false,"template":"","format":"standard","meta":{"footnotes":""},"categories":[249],"tags":[],"class_list":["post-41741","post","type-post","status-publish","format-standard","has-post-thumbnail","hentry","category-farandula"],"_links":{"self":[{"href":"https:\/\/laverdadpublica.com\/index.php\/wp-json\/wp\/v2\/posts\/41741","targetHints":{"allow":["GET"]}}],"collection":[{"href":"https:\/\/laverdadpublica.com\/index.php\/wp-json\/wp\/v2\/posts"}],"about":[{"href":"https:\/\/laverdadpublica.com\/index.php\/wp-json\/wp\/v2\/types\/post"}],"author":[{"embeddable":true,"href":"https:\/\/laverdadpublica.com\/index.php\/wp-json\/wp\/v2\/users\/1"}],"replies":[{"embeddable":true,"href":"https:\/\/laverdadpublica.com\/index.php\/wp-json\/wp\/v2\/comments?post=41741"}],"version-history":[{"count":1,"href":"https:\/\/laverdadpublica.com\/index.php\/wp-json\/wp\/v2\/posts\/41741\/revisions"}],"predecessor-version":[{"id":41743,"href":"https:\/\/laverdadpublica.com\/index.php\/wp-json\/wp\/v2\/posts\/41741\/revisions\/41743"}],"wp:featuredmedia":[{"embeddable":true,"href":"https:\/\/laverdadpublica.com\/index.php\/wp-json\/wp\/v2\/media\/41742"}],"wp:attachment":[{"href":"https:\/\/laverdadpublica.com\/index.php\/wp-json\/wp\/v2\/media?parent=41741"}],"wp:term":[{"taxonomy":"category","embeddable":true,"href":"https:\/\/laverdadpublica.com\/index.php\/wp-json\/wp\/v2\/categories?post=41741"},{"taxonomy":"post_tag","embeddable":true,"href":"https:\/\/laverdadpublica.com\/index.php\/wp-json\/wp\/v2\/tags?post=41741"}],"curies":[{"name":"wp","href":"https:\/\/api.w.org\/{rel}","templated":true}]}}