{"id":42016,"date":"2025-03-20T13:05:35","date_gmt":"2025-03-20T13:05:35","guid":{"rendered":"https:\/\/laverdadpublica.com\/?p=42016"},"modified":"2025-03-20T13:05:35","modified_gmt":"2025-03-20T13:05:35","slug":"efemerides-patrias-celebra-el-181-aniversario-de-la-batalla-de-azua-como-si-fuera-una-viva-clase-de-historia","status":"publish","type":"post","link":"https:\/\/laverdadpublica.com\/index.php\/2025\/03\/20\/efemerides-patrias-celebra-el-181-aniversario-de-la-batalla-de-azua-como-si-fuera-una-viva-clase-de-historia\/","title":{"rendered":"Efem\u00e9rides Patrias celebra el 181 aniversario de la Batalla de Azua como si fuera una viva clase de historia"},"content":{"rendered":"<p style=\"text-align: justify;\"><strong>Azua<\/strong>.- Con la presencia del presidente de la Rep\u00fablica, Luis Abinader, la Presidencia de la Rep\u00fablica, a trav\u00e9s de la Comisi\u00f3n Permanente de Efem\u00e9rides Patrias, el Ministerio de Defensa, la Gobernaci\u00f3n Provincial de Azua, el Ayuntamiento de Azua y el Ministerio de Educaci\u00f3n, conmemoraron el 181 aniversario de la Batalla del 19 de Marzo, un vistoso y colorido acto patri\u00f3tico celebrado a lo largo y ancho del Parque Duarte.<\/p>\n<p style=\"text-align: justify;\">La ceremonia inici\u00f3 a las 8:00 de la ma\u00f1ana, con el enhestamiento de la Bandera e interpretaci\u00f3n del Himno Nacional, a cargo del Ministerio de Defensa, seguido de la lectura de la orden del d\u00eda, honores militares de estilo y el dep\u00f3sito de ofrendas florales por diferentes instituciones, al comp\u00e1s con el toque de ofrenda.<\/p>\n<p style=\"text-align: justify;\">La rese\u00f1a de la gesta estuvo a cargo del Coronel S\u00f3crates Suazo, ERD, director de Historia del Ministerio de Defensa. Luego, a las 9:00 de la ma\u00f1ana se realiz\u00f3 un Te Deum oficiado por el padre Duv\u00e1n L\u00f3pez, p\u00e1rroco de la Iglesia Nuestra Se\u00f1ora de los Remedios.<\/p>\n<p style=\"text-align: justify;\">Mientras que a las 10:00 de la ma\u00f1ana se realizaron los honores militares de estilo al presidente de la Rep\u00fablica Luis Abinader, dando inicio a la ceremonia del desfile, hablaron Mar\u00eda Minerva Navarro, gobernadora civil de la Provincia de Azua y Rafael Hidalgo, alcalde del municipio de Azua.<\/p>\n<p style=\"text-align: justify;\">Juan Pablo Uribe, presidente de la Comisi\u00f3n Permanente de Efem\u00e9rides Patrias, en el discurso de rigor dijo que:<\/p>\n<blockquote>\n<p style=\"text-align: justify;\">\u201cCada 19 de marzo, a\u00f1o tras a\u00f1o, cuando se produce el aniversario de fuego, machete, confrontaci\u00f3n cuerpo a cuerpo, valent\u00eda desafiante a la muerte bajo el grito portentoso y providencial de Dios, Patria y Libertad, Azua se convierte en un altar votivo a la dominicanidad, cuya luz combatiente que hoy cumple 181 a\u00f1os de asestarle una derrota implacable a las hordas invasoras haitianas que pretend\u00edan sojuzgarnos nuevamente borrando la independencia proclamada por el pueblo dominicano el 27 de febrero de 1844, nos recuerda que la soberan\u00eda nacional, la integridad territorial y la identidad nacional no fue un golpe de suerte, ni mucho menos un regalo, sino, una haza\u00f1a grandiosa que golpe a golpe de sangrientos sacrificios e inteligencia militar logramos concretizar y debemos mantener, cueste lo que cueste\u201d.<\/p>\n<\/blockquote>\n<p style=\"text-align: justify;\">Uribe sostuvo que <em>\u201cel 19 de marzo Azuano debemos sentirlo y vivirlo como clase de historia actual que mantiene en alerta la nacionalidad pero no una alerta pasiva, sino activa, creativa y productiva en el marco del trabajo incansable como lo asegur\u00f3 con certeza nacionalista, el presidente Luis Abinader en su discurso de rendici\u00f3n de cuentas ante el Congreso el pasado 27 de febrero, para que este pa\u00eds siga marchando en paz, democracia y esperanza cierta por los caminos de la grandeza que resalta un nombre hermoso bajo la bendici\u00f3n de Dios: Rep\u00fablica Dominicana\u201d.<\/em><\/p>\n<p style=\"text-align: justify;\">Finalmente, resalt\u00f3 que la Comisi\u00f3n Permanente de Efem\u00e9rides Patrias quiere hacer menci\u00f3n especial este 19 de marzo al Centinela de la Frontera, Antonio Duverg\u00e9, porque este a\u00f1o se cumple el n\u00famero redondo del 170 aniversario de su injusta muerte en el pat\u00edbulo, por lo tanto afirm\u00f3 que con su esp\u00edritu patri\u00f3tico seguiremos venciendo y adelante.<\/p>\n<p style=\"text-align: justify;\">El acto concluy\u00f3 con un desfile c\u00edvico, estudiantil, militar y policial en honor a los h\u00e9roes de la batalla, que se constituy\u00f3 en una festividad patri\u00f3tica, donde cientos de ciudadanos mostraron con orgullo y entusiasmo los s\u00edmbolos de la dominicanidad.<\/p>\n<p>&nbsp;<\/p>\n<p>Fuente: RD Firma Autorizada<\/p>\n","protected":false},"excerpt":{"rendered":"<p>Azua.- Con la presencia del presidente de la Rep\u00fablica, Luis Abinader, la Presidencia de la<\/p>\n","protected":false},"author":1,"featured_media":42017,"comment_status":"open","ping_status":"open","sticky":false,"template":"","format":"standard","meta":{"footnotes":""},"categories":[7],"tags":[],"class_list":["post-42016","post","type-post","status-publish","format-standard","has-post-thumbnail","hentry","category-nacionales"],"_links":{"self":[{"href":"https:\/\/laverdadpublica.com\/index.php\/wp-json\/wp\/v2\/posts\/42016","targetHints":{"allow":["GET"]}}],"collection":[{"href":"https:\/\/laverdadpublica.com\/index.php\/wp-json\/wp\/v2\/posts"}],"about":[{"href":"https:\/\/laverdadpublica.com\/index.php\/wp-json\/wp\/v2\/types\/post"}],"author":[{"embeddable":true,"href":"https:\/\/laverdadpublica.com\/index.php\/wp-json\/wp\/v2\/users\/1"}],"replies":[{"embeddable":true,"href":"https:\/\/laverdadpublica.com\/index.php\/wp-json\/wp\/v2\/comments?post=42016"}],"version-history":[{"count":1,"href":"https:\/\/laverdadpublica.com\/index.php\/wp-json\/wp\/v2\/posts\/42016\/revisions"}],"predecessor-version":[{"id":42018,"href":"https:\/\/laverdadpublica.com\/index.php\/wp-json\/wp\/v2\/posts\/42016\/revisions\/42018"}],"wp:featuredmedia":[{"embeddable":true,"href":"https:\/\/laverdadpublica.com\/index.php\/wp-json\/wp\/v2\/media\/42017"}],"wp:attachment":[{"href":"https:\/\/laverdadpublica.com\/index.php\/wp-json\/wp\/v2\/media?parent=42016"}],"wp:term":[{"taxonomy":"category","embeddable":true,"href":"https:\/\/laverdadpublica.com\/index.php\/wp-json\/wp\/v2\/categories?post=42016"},{"taxonomy":"post_tag","embeddable":true,"href":"https:\/\/laverdadpublica.com\/index.php\/wp-json\/wp\/v2\/tags?post=42016"}],"curies":[{"name":"wp","href":"https:\/\/api.w.org\/{rel}","templated":true}]}}