{"id":42047,"date":"2025-03-19T14:03:58","date_gmt":"2025-03-19T14:03:58","guid":{"rendered":"https:\/\/laverdadpublica.com\/?p=42047"},"modified":"2025-03-20T14:12:40","modified_gmt":"2025-03-20T14:12:40","slug":"grupo-pinero-anuncia-segunda-edicion-de-los-premios-los-ecoistas-republica-dominicana","status":"publish","type":"post","link":"https:\/\/laverdadpublica.com\/index.php\/2025\/03\/19\/grupo-pinero-anuncia-segunda-edicion-de-los-premios-los-ecoistas-republica-dominicana\/","title":{"rendered":"Grupo Pi\u00f1ero anuncia segunda edici\u00f3n de los Premios \u201cLos + Ecoistas Rep\u00fablica Dominicana\u201d"},"content":{"rendered":"<blockquote>\n<p style=\"text-align: justify;\">Tras el \u00e9xito de la primera edici\u00f3n, los premios contin\u00faan fortaleciendo los lazos entre empresas comprometidas con la sostenibilidad y resaltando su impacto para el sector.<\/p>\n<\/blockquote>\n<p style=\"text-align: justify;\"><strong>Santo Domingo<\/strong>\u00a0. \u2013 Grupo Pi\u00f1ero llevar\u00e1 a cabo la segunda edici\u00f3n de los premios \u201cLos + Ecoistas Rep\u00fablica Dominicana\u201d con el objetivo de reconocer a proveedores, colaboradores, aliados o partners de Grupo Pi\u00f1ero que impulsan la sostenibilidad medioambiental y el cambio positivo en la industria tur\u00edstica en el pa\u00eds.<\/p>\n<blockquote>\n<p style=\"text-align: justify;\">La estatuilla que recibir\u00e1n los galardonados estar\u00e1 dise\u00f1ada por un artesano local, elegido a trav\u00e9s de un concurso en alianza con el Ministerio de Cultura y CENADARTE<\/p>\n<\/blockquote>\n<p style=\"text-align: justify;\">A trav\u00e9s del movimiento \u201cSomos Ecoistas\u201d, la compa\u00f1\u00eda l\u00edder en el sector turismo, busca destacar a aquellos aliados que, con sus acciones, contribuyen a la lucha contra el cambio clim\u00e1tico, la preservaci\u00f3n del medio ambiente y el desarrollo de un turismo responsable.<\/p>\n<blockquote>\n<p style=\"text-align: justify;\">\u201cCon este movimiento \u2018Somos Ecoistas\u2019, buscamos impulsar un modelo de turismo regenerativo que beneficie no solo al medio ambiente, sino tambi\u00e9n al bienestar de las comunidades locales. Este enfoque nos permite generar un impacto positivo y sostenible en todas las \u00e1reas de nuestro negocio\u201d_ , expres\u00f3 Andr\u00e9s Rosell\u00f3, Chief Sustainability Officer del Grupo Pi\u00f1ero.<\/p>\n<\/blockquote>\n<p style=\"text-align: justify;\">Rosell\u00f3 tambi\u00e9n subray\u00f3 que el objetivo es fomentar un compromiso colectivo con la sostenibilidad, alentando a empresas y personas a tomar acciones concretas hacia un turismo m\u00e1s responsable.<\/p>\n<blockquote>\n<p style=\"text-align: justify;\">\u201cHacemos un llamado a todos aquellos que, como nosotros, creen que el futuro del turismo debe estar alineado con la preservaci\u00f3n de nuestro planeta, generando un impacto positivo tanto en el medio ambiente como en las comunidades que nos acogen\u201d, agreg\u00f3.<\/p>\n<\/blockquote>\n<p><strong>Convocatoria abierta para artesanos<\/strong><\/p>\n<p style=\"text-align: justify;\">Al igual que en la edici\u00f3n anterior, Grupo Pi\u00f1ero, en colaboraci\u00f3n con el Ministerio de Cultura y el Centro Nacional de Artesan\u00eda (CENADARTE), abre el concurso dirigido a artesanos noveles para dise\u00f1ar la estatuilla que ser\u00e1 entregada a los galardonados. El certamen busca resaltar el talento local y promover la creatividad en la producci\u00f3n artesanal sostenible.<\/p>\n<p style=\"text-align: justify;\">El ganador recibir\u00e1 un premio en efectivo de RD$150,000.00, adem\u00e1s de la oportunidad de exponer y vender sus creaciones en los Gift Shops de los hoteles Bah\u00eda Pr\u00edncipe Hotels &amp; Resorts en Rep\u00fablica Dominicana durante un a\u00f1o, lo que le permitir\u00e1 dar a conocer su trabajo a nivel nacional e internacional.<\/p>\n<p style=\"text-align: justify;\">Los artesanos interesados en participar en el concurso para el dise\u00f1o de la estatuilla de los premios \u00abLos + Ecoistas Rep\u00fablica Dominicana\u00bb deber\u00e1n enviar sus propuestas antes del 9 de abril de 2025. Las bases del concurso y toda la informaci\u00f3n relacionada est\u00e1n disponibles en el sitio web oficial www.somosecoistas.com.<\/p>\n<p style=\"text-align: justify;\">De su parte, Roberto Salcedo, ministro de Cultura, destac\u00f3 que <em>\u00abEsta colaboraci\u00f3n estrat\u00e9gica con el Grupo Pi\u00f1ero refuerza nuestro compromiso inquebrantable con la promoci\u00f3n y conservaci\u00f3n de la identidad cultural y la tradici\u00f3n artesanal de Rep\u00fablica Dominicana. A trav\u00e9s de esta iniciativa, no solo celebramos el talento y la creatividad de nuestros artesanos locales, sino que tambi\u00e9n les brindamos una plataforma invaluable para exhibir su potencial y contribuir al enriquecimiento de nuestra cultura\u00bb.<\/em><\/p>\n<p style=\"text-align: justify;\">Los Premios Los + Ecoistas representan una oportunidad \u00fanica para fusionar el arte con la sostenibilidad, destacando el valor de pr\u00e1cticas responsables en la producci\u00f3n artesanal. Este esfuerzo conjunto no solo fortalece el reconocimiento de nuestra herencia cultural, sino que tambi\u00e9n inspira a las nuevas generaciones a adoptar un enfoque m\u00e1s consciente y respetuoso con el medio ambiente.<\/p>\n<p style=\"text-align: justify;\"><strong>Premiaci\u00f3n<\/strong><\/p>\n<p style=\"text-align: justify;\">La segunda edici\u00f3n de los premios \u201cLos + Ecoistas Rep\u00fablica Dominicana\u201d se llevar\u00e1 a cabo el 14 de mayo de 2025, en el marco de la 24\u00aa edici\u00f3n del Dominican Annual Tourism Exchange (DATE), uno de los eventos m\u00e1s importantes para el sector tur\u00edstico en el Caribe.<\/p>\n<p><strong>Sobre Grupo Pi\u00f1ero<\/strong><\/p>\n<p style=\"text-align: justify;\">Grupo Pi\u00f1ero es un grupo de origen tur\u00edstico espa\u00f1ol de esencia familiar fundado en 1975 por Pablo Pi\u00f1ero. Actualmente presidido por Isabel Garc\u00eda Lorca y liderado desde 2017 por Encarna Pi\u00f1ero, como CEO Global, junto con sus hermanas Isabel y Lydia. Con 50 a\u00f1os de historia, el Grupo lleva a cabo una gesti\u00f3n responsable con un plan estrat\u00e9gico cuyo eje transversal es la sostenibilidad. Esta visi\u00f3n tiene como principal objetivo el cuidado de las personas, el medio ambiente y la promoci\u00f3n de un turismo que aporte riqueza desde el respeto a los destinos donde opera.<\/p>\n<p style=\"text-align: justify;\">Su actividad contempla cuatro divisiones: la Hotelera que cuenta con resorts en Rep\u00fablica Dominicana (primer grupo hotelero con mayor n\u00famero de establecimientos en propiedad) M\u00e9xico, Jamaica y Espa\u00f1a; Residences &amp; Golf que cuenta con complejos residenciales en Rep\u00fablica Dominicana y M\u00e9xico; la divisi\u00f3n de Touroperaci\u00f3n, integrada por Soltour, turoperador independiente l\u00edder en Espa\u00f1a y Portugal en el segmento vacacional, y la divisi\u00f3n Mobility Incoming &amp; Leisure, que integra el receptivo Coming2, el perfecto anfitri\u00f3n en destino que complementa la oferta a trav\u00e9s de servicios de transporte terrestre y mar\u00edtimo, destacando su apuesta por la movilidad sostenible.<\/p>\n<p>Fuente: Grupo Pi\u00f1ero<\/p>\n","protected":false},"excerpt":{"rendered":"<p>Tras el \u00e9xito de la primera edici\u00f3n, los premios contin\u00faan fortaleciendo los lazos entre empresas<\/p>\n","protected":false},"author":4,"featured_media":42048,"comment_status":"open","ping_status":"open","sticky":false,"template":"","format":"standard","meta":{"footnotes":""},"categories":[11],"tags":[],"class_list":["post-42047","post","type-post","status-publish","format-standard","has-post-thumbnail","hentry","category-turismo"],"_links":{"self":[{"href":"https:\/\/laverdadpublica.com\/index.php\/wp-json\/wp\/v2\/posts\/42047","targetHints":{"allow":["GET"]}}],"collection":[{"href":"https:\/\/laverdadpublica.com\/index.php\/wp-json\/wp\/v2\/posts"}],"about":[{"href":"https:\/\/laverdadpublica.com\/index.php\/wp-json\/wp\/v2\/types\/post"}],"author":[{"embeddable":true,"href":"https:\/\/laverdadpublica.com\/index.php\/wp-json\/wp\/v2\/users\/4"}],"replies":[{"embeddable":true,"href":"https:\/\/laverdadpublica.com\/index.php\/wp-json\/wp\/v2\/comments?post=42047"}],"version-history":[{"count":1,"href":"https:\/\/laverdadpublica.com\/index.php\/wp-json\/wp\/v2\/posts\/42047\/revisions"}],"predecessor-version":[{"id":42049,"href":"https:\/\/laverdadpublica.com\/index.php\/wp-json\/wp\/v2\/posts\/42047\/revisions\/42049"}],"wp:featuredmedia":[{"embeddable":true,"href":"https:\/\/laverdadpublica.com\/index.php\/wp-json\/wp\/v2\/media\/42048"}],"wp:attachment":[{"href":"https:\/\/laverdadpublica.com\/index.php\/wp-json\/wp\/v2\/media?parent=42047"}],"wp:term":[{"taxonomy":"category","embeddable":true,"href":"https:\/\/laverdadpublica.com\/index.php\/wp-json\/wp\/v2\/categories?post=42047"},{"taxonomy":"post_tag","embeddable":true,"href":"https:\/\/laverdadpublica.com\/index.php\/wp-json\/wp\/v2\/tags?post=42047"}],"curies":[{"name":"wp","href":"https:\/\/api.w.org\/{rel}","templated":true}]}}