{"id":42051,"date":"2025-03-20T14:13:24","date_gmt":"2025-03-20T14:13:24","guid":{"rendered":"https:\/\/laverdadpublica.com\/?p=42051"},"modified":"2025-03-20T14:16:45","modified_gmt":"2025-03-20T14:16:45","slug":"hotel-bahia-principe-grand-el-portillo-recibe-premio-de-sostenibilidad-turistica-empresarial-en-samana","status":"publish","type":"post","link":"https:\/\/laverdadpublica.com\/index.php\/2025\/03\/20\/hotel-bahia-principe-grand-el-portillo-recibe-premio-de-sostenibilidad-turistica-empresarial-en-samana\/","title":{"rendered":"Hotel Bahia Principe Grand El Portillo recibe Premio de Sostenibilidad Tur\u00edstica Empresarial en Saman\u00e1"},"content":{"rendered":"<blockquote>\n<p style=\"text-align: justify;\">El galard\u00f3n, otorgado por el Cl\u00faster Tur\u00edstico de Saman\u00e1, resalta las iniciativas de sostenibilidad implementadas por el hotel en distintas \u00e1reas operativas<\/p>\n<\/blockquote>\n<p style=\"text-align: justify;\"><strong>Santo Domingo<\/strong> &#8211; En una ceremonia celebrada durante la X edici\u00f3n del Encuentro para el Desarrollo Tur\u00edstico de Saman\u00e1, el Hotel Bahia Principe Grand El Portillo fue distinguido con el Premio de Sostenibilidad Tur\u00edstica Empresarial de Saman\u00e1, un reconocimiento que destaca el compromiso del sector hotelero con la preservaci\u00f3n del medioambiente y el impulso de un turismo m\u00e1s responsable.<\/p>\n<p style=\"text-align: justify;\">El galard\u00f3n, otorgado por el Cl\u00faster Tur\u00edstico de Saman\u00e1, resalta las iniciativas de sostenibilidad implementadas por el hotel en distintas \u00e1reas, como la gesti\u00f3n eficiente de los recursos naturales, la reducci\u00f3n del impacto ambiental y el fortalecimiento de la econom\u00eda local.<\/p>\n<blockquote>\n<p style=\"text-align: justify;\">\u00abRecibir este galard\u00f3n es un orgullo y una motivaci\u00f3n para continuar con nuestra labor en favor del turismo responsable. Nuestra meta es seguir desarrollando iniciativas que reduzcan nuestro impacto ambiental y contribuyan al bienestar de las comunidades locales\u00bb , expres\u00f3 Mat\u00edas Colombo, director Institutional Development RD de Grupo Pi\u00f1ero.<\/p>\n<\/blockquote>\n<p style=\"text-align: justify;\">Bahia Principe Grand El Portillo ha desarrollado un enfoque integral de sostenibilidad basado en la reducci\u00f3n de emisiones de carbono, la conservaci\u00f3n de la biodiversidad y la promoci\u00f3n del consumo responsable.<\/p>\n<blockquote>\n<p style=\"text-align: justify;\">\u00abEntre nuestras principales iniciativas se destaca la gesti\u00f3n eficiente del agua, implementando tecnolog\u00edas avanzadas para optimizar su uso y reducir el desperdicio. Adem\u00e1s, hemos orientado nuestros esfuerzos hacia estrategias de reciclaje y reducci\u00f3n de residuos, promoviendo la reutilizaci\u00f3n de materiales y fomentando el reciclaje en nuestras operaciones. Tambi\u00e9n nos comprometemos con la protecci\u00f3n de la biodiversidad, desarrollando proyectos de restauraci\u00f3n de manglares y la conservaci\u00f3n de especies nativas en la regi\u00f3n\u00bb, agreg\u00f3 Colombo<\/p>\n<\/blockquote>\n<p style=\"text-align: justify;\">Este galard\u00f3n marca la segunda vez que el Grupo Pi\u00f1ero recibe el Premio de Sostenibilidad Tur\u00edstica Empresarial de Saman\u00e1. En su primera edici\u00f3n, Cayo Levantado Resort, el primer hotel de lujo del grupo, fue distinguido por su contribuci\u00f3n al desarrollo sostenible de la regi\u00f3n. Este reconocimiento entregado a Hotel Bahia Principe Grand El Portillo destaca la importancia de integrar la sostenibilidad en todas las \u00e1reas de la industria tur\u00edstica.<\/p>\n<p style=\"text-align: justify;\">En un contexto donde los viajeros son cada vez m\u00e1s conscientes del impacto ambiental de sus decisiones, los hoteles y destinos que priorizan pr\u00e1cticas responsables tienen una ventaja competitiva y contribuyen al posicionamiento de Rep\u00fablica Dominicana como un destino tur\u00edstico comprometido con el desarrollo sostenible.<\/p>\n<p style=\"text-align: left;\">Fuente: Cl\u00faster Tur\u00edstico de Saman\u00e1<\/p>\n","protected":false},"excerpt":{"rendered":"<p>El galard\u00f3n, otorgado por el Cl\u00faster Tur\u00edstico de Saman\u00e1, resalta las iniciativas de sostenibilidad implementadas<\/p>\n","protected":false},"author":4,"featured_media":42053,"comment_status":"open","ping_status":"open","sticky":false,"template":"","format":"standard","meta":{"footnotes":""},"categories":[11],"tags":[],"class_list":["post-42051","post","type-post","status-publish","format-standard","has-post-thumbnail","hentry","category-turismo"],"_links":{"self":[{"href":"https:\/\/laverdadpublica.com\/index.php\/wp-json\/wp\/v2\/posts\/42051","targetHints":{"allow":["GET"]}}],"collection":[{"href":"https:\/\/laverdadpublica.com\/index.php\/wp-json\/wp\/v2\/posts"}],"about":[{"href":"https:\/\/laverdadpublica.com\/index.php\/wp-json\/wp\/v2\/types\/post"}],"author":[{"embeddable":true,"href":"https:\/\/laverdadpublica.com\/index.php\/wp-json\/wp\/v2\/users\/4"}],"replies":[{"embeddable":true,"href":"https:\/\/laverdadpublica.com\/index.php\/wp-json\/wp\/v2\/comments?post=42051"}],"version-history":[{"count":1,"href":"https:\/\/laverdadpublica.com\/index.php\/wp-json\/wp\/v2\/posts\/42051\/revisions"}],"predecessor-version":[{"id":42052,"href":"https:\/\/laverdadpublica.com\/index.php\/wp-json\/wp\/v2\/posts\/42051\/revisions\/42052"}],"wp:featuredmedia":[{"embeddable":true,"href":"https:\/\/laverdadpublica.com\/index.php\/wp-json\/wp\/v2\/media\/42053"}],"wp:attachment":[{"href":"https:\/\/laverdadpublica.com\/index.php\/wp-json\/wp\/v2\/media?parent=42051"}],"wp:term":[{"taxonomy":"category","embeddable":true,"href":"https:\/\/laverdadpublica.com\/index.php\/wp-json\/wp\/v2\/categories?post=42051"},{"taxonomy":"post_tag","embeddable":true,"href":"https:\/\/laverdadpublica.com\/index.php\/wp-json\/wp\/v2\/tags?post=42051"}],"curies":[{"name":"wp","href":"https:\/\/api.w.org\/{rel}","templated":true}]}}