{"id":42061,"date":"2025-03-20T17:09:17","date_gmt":"2025-03-20T17:09:17","guid":{"rendered":"https:\/\/laverdadpublica.com\/?p=42061"},"modified":"2025-03-20T17:10:26","modified_gmt":"2025-03-20T17:10:26","slug":"yohan-realiza-campamento-de-composicion-y-produccion-con-la-oreja-media-group","status":"publish","type":"post","link":"https:\/\/laverdadpublica.com\/index.php\/2025\/03\/20\/yohan-realiza-campamento-de-composicion-y-produccion-con-la-oreja-media-group\/","title":{"rendered":"Yohan realiza campamento de composici\u00f3n y producci\u00f3n con La Oreja Media Group"},"content":{"rendered":"<blockquote>\n<p style=\"text-align: justify;\">Durante seis d\u00edas, se crearon los temas que formar\u00e1n parte de su primer disco<\/p>\n<\/blockquote>\n<p style=\"text-align: justify;\"><strong>Santo Domingo, RD, marzo de 2025<\/strong>. El cantante dominicano Yohan llev\u00f3 realiz\u00f3 su primer campamento de composici\u00f3n y producci\u00f3n, de la mano de La Oreja Media Group y su equipo de trabajo, en las instalaciones de Point Studios.<\/p>\n<p style=\"text-align: justify;\">Durante seis d\u00edas de intensa creatividad, Yohan trabaj\u00f3 junto a destacados productores y compositores para dar forma a su pr\u00f3ximo \u00e1lbum, que se espera est\u00e9 listo antes del verano.<\/p>\n<p style=\"text-align: justify;\">Este campamento cont\u00f3 con la participaci\u00f3n de reconocidos productores dominicanos como Robinson Hern\u00e1ndez, Helppi Smith, Bryan Dotel y Joel Antigua, quienes aportaron su experiencia para crear un sonido \u00fanico que fusiona la esencia de Yohan con las tendencias m\u00e1s actuales de la bachata pop. Los compositores Leon Yamil, Cruz Monty, Brasa, Alejandro de la Vega, Luchy DR, Issade, Shalondy y Cynthia Brens contribuyeron con sus creaciones, enriqueciendo el proceso de composici\u00f3n.<\/p>\n<p style=\"text-align: justify;\">La producci\u00f3n log\u00edstica del campamento estuvo a cargo de Mar\u00eda Eugenia Ruiz <em>\u00abMariu\u00bb,<\/em> manager de Yohan, quien coordin\u00f3 el proceso. La producci\u00f3n ejecutiva fue de La Oreja Media Group, representada por Porfirio Pi\u00f1a y Alexis Brugal. La documentaci\u00f3n fotogr\u00e1fica y audiovisual fue por Attico Agency, bajo la direcci\u00f3n de Nayibe Silverio, compartiendo en tiempo real las experiencias y avances a trav\u00e9s de las cuentas oficiales de La Oreja Media Group y Yohan. De esta manera, los seguidores del joven cantautor pudieron seguir de cerca el proceso creativo que dio forma a su primer disco de canciones originales.<\/p>\n<p style=\"text-align: justify;\">Yohan, quien gan\u00f3 el concurso The Voice en 2021, ha dedicado los \u00faltimos cuatro a\u00f1os a desarrollar su carrera musical. En 2024, lanz\u00f3 su EP Playlist de Verano, una recopilaci\u00f3n de versiones tropicales. Este nuevo proyecto representa un avance importante en su evoluci\u00f3n art\u00edstica, consolid\u00e1ndose como uno de los cantantes dominicanos m\u00e1s prometedores de la m\u00fasica latina.<\/p>\n<blockquote>\n<p style=\"text-align: justify;\">\u00abLa m\u00fasica es un lenguaje universal que conecta a las personas, y este campamento ha sido una oportunidad incre\u00edble para seguir aprendiendo y creciendo como artista. Estoy muy agradecido con todo el equipo de La Oreja Media Group y mis colaboradores por hacer posible este sue\u00f1o\u00bb, expres\u00f3 Yohan.<\/p>\n<\/blockquote>\n<p style=\"text-align: justify;\">M\u00e1s detalles en sus Redes: @yohan.music @laorejamedia.<\/p>\n<p>Fuente: Mari\u00fa Medios<\/p>\n","protected":false},"excerpt":{"rendered":"<p>Durante seis d\u00edas, se crearon los temas que formar\u00e1n parte de su primer disco Santo<\/p>\n","protected":false},"author":4,"featured_media":42063,"comment_status":"open","ping_status":"open","sticky":false,"template":"","format":"standard","meta":{"footnotes":""},"categories":[249],"tags":[],"class_list":["post-42061","post","type-post","status-publish","format-standard","has-post-thumbnail","hentry","category-farandula"],"_links":{"self":[{"href":"https:\/\/laverdadpublica.com\/index.php\/wp-json\/wp\/v2\/posts\/42061","targetHints":{"allow":["GET"]}}],"collection":[{"href":"https:\/\/laverdadpublica.com\/index.php\/wp-json\/wp\/v2\/posts"}],"about":[{"href":"https:\/\/laverdadpublica.com\/index.php\/wp-json\/wp\/v2\/types\/post"}],"author":[{"embeddable":true,"href":"https:\/\/laverdadpublica.com\/index.php\/wp-json\/wp\/v2\/users\/4"}],"replies":[{"embeddable":true,"href":"https:\/\/laverdadpublica.com\/index.php\/wp-json\/wp\/v2\/comments?post=42061"}],"version-history":[{"count":1,"href":"https:\/\/laverdadpublica.com\/index.php\/wp-json\/wp\/v2\/posts\/42061\/revisions"}],"predecessor-version":[{"id":42062,"href":"https:\/\/laverdadpublica.com\/index.php\/wp-json\/wp\/v2\/posts\/42061\/revisions\/42062"}],"wp:featuredmedia":[{"embeddable":true,"href":"https:\/\/laverdadpublica.com\/index.php\/wp-json\/wp\/v2\/media\/42063"}],"wp:attachment":[{"href":"https:\/\/laverdadpublica.com\/index.php\/wp-json\/wp\/v2\/media?parent=42061"}],"wp:term":[{"taxonomy":"category","embeddable":true,"href":"https:\/\/laverdadpublica.com\/index.php\/wp-json\/wp\/v2\/categories?post=42061"},{"taxonomy":"post_tag","embeddable":true,"href":"https:\/\/laverdadpublica.com\/index.php\/wp-json\/wp\/v2\/tags?post=42061"}],"curies":[{"name":"wp","href":"https:\/\/api.w.org\/{rel}","templated":true}]}}