{"id":42082,"date":"2025-03-20T22:41:09","date_gmt":"2025-03-20T22:41:09","guid":{"rendered":"https:\/\/laverdadpublica.com\/?p=42082"},"modified":"2025-03-20T22:41:09","modified_gmt":"2025-03-20T22:41:09","slug":"yolanda-alexandra-victoria-alvarez-nueva-embajadora-de-rd-en-antigua-y-barbuda","status":"publish","type":"post","link":"https:\/\/laverdadpublica.com\/index.php\/2025\/03\/20\/yolanda-alexandra-victoria-alvarez-nueva-embajadora-de-rd-en-antigua-y-barbuda\/","title":{"rendered":"Yolanda Alexandra Victoria \u00c1lvarez: Nueva Embajadora de RD en Antigua y Barbuda"},"content":{"rendered":"<p style=\"text-align: justify;\">La diplom\u00e1tica de carrera Yolanda Alexandra Victoria \u00c1lvarez ha sido designada por el presidente Luis Abinader como Embajadora Extraordinaria y Plenipotenciaria de la Rep\u00fablica Dominicana en Antigua y Barbuda. Este nombramiento refuerza la estrategia del gobierno dominicano de fortalecer lazos con aliados estrat\u00e9gicos en la regi\u00f3n del Caribe y el mundo.<\/p>\n<p style=\"text-align: justify;\"><strong>Una Trayectoria Diplom\u00e1tica de 24 A\u00f1os<\/strong><\/p>\n<p style=\"text-align: justify;\">Con una carrera de m\u00e1s de dos d\u00e9cadas en el servicio exterior, Victoria \u00c1lvarez ha ocupado importantes cargos dentro del Ministerio de Relaciones Exteriores (MIREX), desempe\u00f1\u00e1ndose en \u00e1reas clave como:<\/p>\n<p style=\"text-align: justify;\">\u25aa\ufe0e <strong>Direcci\u00f3n de Relaciones con Am\u00e9rica Latina<\/strong>, donde trabaj\u00f3 como asesora y embajadora adscrita.<\/p>\n<p style=\"text-align: justify;\">\u25aa\ufe0e<strong>Participaci\u00f3n en diversas iniciativas de cooperaci\u00f3n<\/strong> y fortalecimiento de v\u00ednculos diplom\u00e1ticos en la regi\u00f3n.<\/p>\n<p style=\"text-align: justify;\">Su historial dentro del MIREX est\u00e1 respaldado por informaci\u00f3n oficial del Sistema de Monitoreo de la Administraci\u00f3n P\u00fablica (SISMAP), que evidencia su vasta experiencia y compromiso con la pol\u00edtica exterior dominicana.<\/p>\n<p><strong>Formaci\u00f3n Acad\u00e9mica y Especializaci\u00f3n<\/strong><\/p>\n<p style=\"text-align: justify;\">Victoria \u00c1lvarez es Doctora en Derecho egresada de la Universidad Iberoamericana (UNIBE) y posee varias maestr\u00edas y especializaciones en \u00e1reas estrat\u00e9gicas, lo que refuerza su capacidad para representar a la Rep\u00fablica Dominicana en cualquier escenario internacional.<\/p>\n<p style=\"text-align: justify;\">Su designaci\u00f3n en Antigua y Barbuda representa una oportunidad para fortalecer la cooperaci\u00f3n bilateral en temas de inter\u00e9s mutuo, consolidando la presencia de la Rep\u00fablica Dominicana en el Caribe.<\/p>\n<p>Fuente: El Pincel<\/p>\n","protected":false},"excerpt":{"rendered":"<p>La diplom\u00e1tica de carrera Yolanda Alexandra Victoria \u00c1lvarez ha sido designada por el presidente Luis<\/p>\n","protected":false},"author":4,"featured_media":42083,"comment_status":"open","ping_status":"open","sticky":false,"template":"","format":"standard","meta":{"footnotes":""},"categories":[16],"tags":[],"class_list":["post-42082","post","type-post","status-publish","format-standard","has-post-thumbnail","hentry","category-internacionales"],"_links":{"self":[{"href":"https:\/\/laverdadpublica.com\/index.php\/wp-json\/wp\/v2\/posts\/42082","targetHints":{"allow":["GET"]}}],"collection":[{"href":"https:\/\/laverdadpublica.com\/index.php\/wp-json\/wp\/v2\/posts"}],"about":[{"href":"https:\/\/laverdadpublica.com\/index.php\/wp-json\/wp\/v2\/types\/post"}],"author":[{"embeddable":true,"href":"https:\/\/laverdadpublica.com\/index.php\/wp-json\/wp\/v2\/users\/4"}],"replies":[{"embeddable":true,"href":"https:\/\/laverdadpublica.com\/index.php\/wp-json\/wp\/v2\/comments?post=42082"}],"version-history":[{"count":1,"href":"https:\/\/laverdadpublica.com\/index.php\/wp-json\/wp\/v2\/posts\/42082\/revisions"}],"predecessor-version":[{"id":42084,"href":"https:\/\/laverdadpublica.com\/index.php\/wp-json\/wp\/v2\/posts\/42082\/revisions\/42084"}],"wp:featuredmedia":[{"embeddable":true,"href":"https:\/\/laverdadpublica.com\/index.php\/wp-json\/wp\/v2\/media\/42083"}],"wp:attachment":[{"href":"https:\/\/laverdadpublica.com\/index.php\/wp-json\/wp\/v2\/media?parent=42082"}],"wp:term":[{"taxonomy":"category","embeddable":true,"href":"https:\/\/laverdadpublica.com\/index.php\/wp-json\/wp\/v2\/categories?post=42082"},{"taxonomy":"post_tag","embeddable":true,"href":"https:\/\/laverdadpublica.com\/index.php\/wp-json\/wp\/v2\/tags?post=42082"}],"curies":[{"name":"wp","href":"https:\/\/api.w.org\/{rel}","templated":true}]}}