{"id":42091,"date":"2025-03-19T22:50:41","date_gmt":"2025-03-19T22:50:41","guid":{"rendered":"https:\/\/laverdadpublica.com\/?p=42091"},"modified":"2025-03-20T22:51:41","modified_gmt":"2025-03-20T22:51:41","slug":"doctor-dario-nin-disertara-sobre-la-importancia-de-una-oratoria-efectiva-en-el-liderazgo-nacional-en-el-9no-aniversario-de-la-apm","status":"publish","type":"post","link":"https:\/\/laverdadpublica.com\/index.php\/2025\/03\/19\/doctor-dario-nin-disertara-sobre-la-importancia-de-una-oratoria-efectiva-en-el-liderazgo-nacional-en-el-9no-aniversario-de-la-apm\/","title":{"rendered":"Doctor Dar\u00edo Nin disertar\u00e1 sobre \u201cLa importancia de una oratoria efectiva en el liderazgo nacional\u201d en el 9no Aniversario de la APM\u00a0"},"content":{"rendered":"<p style=\"text-align: justify;\"><strong>Santo<\/strong> <strong>Domingo<\/strong>, <strong>R.D.<\/strong> \u2013 El reconocido orador y experto en comunicaci\u00f3n, Doctor Dar\u00edo Nin, ser\u00e1 uno de los principales disertantes en el 9no Aniversario de la Agencia de Prensa Mundial (APM) y la Cumbre Internacional de la Voz, con su conferencia titulada \u201cLa importancia de una oratoria efectiva en el liderazgo nacional\u201d. Este evento se llevar\u00e1 a cabo el pr\u00f3ximo 5 de abril en el Auditorio Juan Bosch de la Biblioteca Nacional, en horario de 9:00 a.m. a 2:00 p.m., con entrada gratuita.<\/p>\n<p style=\"text-align: justify;\">En su conferencia, el Doctor Dar\u00edo Nin abordar\u00e1 c\u00f3mo la oratoria efectiva se ha convertido en una herramienta esencial para influir, inspirar y dirigir con \u00e9xito en distintos \u00e1mbitos de la vida.<\/p>\n<p style=\"text-align: justify;\">El evento, que se realiza bajo el marco del 9no aniversario de la APM, reunir\u00e1 a destacados profesionales de la comunicaci\u00f3n, la locuci\u00f3n y el liderazgo, brindando un espacio \u00fanico para el aprendizaje, la reflexi\u00f3n y el intercambio de ideas.<\/p>\n<p style=\"text-align: justify;\">La invitaci\u00f3n est\u00e1 abierta al p\u00fablico en general, especialmente a estudiantes, comunicadores, l\u00edderes empresariales y profesionales interesados en perfeccionar sus habilidades de oratoria y liderazgo<\/p>\n<p>Fuente:<\/p>\n","protected":false},"excerpt":{"rendered":"<p>Santo Domingo, R.D. \u2013 El reconocido orador y experto en comunicaci\u00f3n, Doctor Dar\u00edo Nin, ser\u00e1<\/p>\n","protected":false},"author":1,"featured_media":42093,"comment_status":"open","ping_status":"open","sticky":false,"template":"","format":"standard","meta":{"footnotes":""},"categories":[7],"tags":[],"class_list":["post-42091","post","type-post","status-publish","format-standard","has-post-thumbnail","hentry","category-nacionales"],"_links":{"self":[{"href":"https:\/\/laverdadpublica.com\/index.php\/wp-json\/wp\/v2\/posts\/42091","targetHints":{"allow":["GET"]}}],"collection":[{"href":"https:\/\/laverdadpublica.com\/index.php\/wp-json\/wp\/v2\/posts"}],"about":[{"href":"https:\/\/laverdadpublica.com\/index.php\/wp-json\/wp\/v2\/types\/post"}],"author":[{"embeddable":true,"href":"https:\/\/laverdadpublica.com\/index.php\/wp-json\/wp\/v2\/users\/1"}],"replies":[{"embeddable":true,"href":"https:\/\/laverdadpublica.com\/index.php\/wp-json\/wp\/v2\/comments?post=42091"}],"version-history":[{"count":1,"href":"https:\/\/laverdadpublica.com\/index.php\/wp-json\/wp\/v2\/posts\/42091\/revisions"}],"predecessor-version":[{"id":42092,"href":"https:\/\/laverdadpublica.com\/index.php\/wp-json\/wp\/v2\/posts\/42091\/revisions\/42092"}],"wp:featuredmedia":[{"embeddable":true,"href":"https:\/\/laverdadpublica.com\/index.php\/wp-json\/wp\/v2\/media\/42093"}],"wp:attachment":[{"href":"https:\/\/laverdadpublica.com\/index.php\/wp-json\/wp\/v2\/media?parent=42091"}],"wp:term":[{"taxonomy":"category","embeddable":true,"href":"https:\/\/laverdadpublica.com\/index.php\/wp-json\/wp\/v2\/categories?post=42091"},{"taxonomy":"post_tag","embeddable":true,"href":"https:\/\/laverdadpublica.com\/index.php\/wp-json\/wp\/v2\/tags?post=42091"}],"curies":[{"name":"wp","href":"https:\/\/api.w.org\/{rel}","templated":true}]}}