{"id":42284,"date":"2025-03-23T18:52:09","date_gmt":"2025-03-23T18:52:09","guid":{"rendered":"https:\/\/laverdadpublica.com\/?p=42284"},"modified":"2025-03-23T18:52:09","modified_gmt":"2025-03-23T18:52:09","slug":"los-comunicadores-rafael-padilla-y-arisleyda-villalona-reunen-expertos-en-salud-mental-para-hablar-sobre-la-depresion","status":"publish","type":"post","link":"https:\/\/laverdadpublica.com\/index.php\/2025\/03\/23\/los-comunicadores-rafael-padilla-y-arisleyda-villalona-reunen-expertos-en-salud-mental-para-hablar-sobre-la-depresion\/","title":{"rendered":"Los comunicadores Rafael Padilla y Arisleyda Villalona re\u00fanen expertos en salud mental para hablar sobre la depresi\u00f3n"},"content":{"rendered":"<p style=\"text-align: justify;\"><strong>Santo Domingo , RD<\/strong> &#8211; La salud mental sigue siendo un tema que necesita m\u00e1s espacios de conversaci\u00f3n en la sociedad dominicana, y eso fue precisamente lo que logr\u00f3 el comunicador Rafael Padilla el pasado s\u00e1bado 22 de marzo, al organizar la cuarta Charla sobre Salud Mental en Sambil Santo Domingo.<\/p>\n<p style=\"text-align: justify;\">Con el t\u00edtulo \u00abLa depresi\u00f3n, una enfermedad silente\u00bb, el encuentro reuni\u00f3 a un grupo de expertos en psicolog\u00eda y psiquiatr\u00eda que, con un lenguaje cercano y claro, explicaron c\u00f3mo esta condici\u00f3n afecta a miles de personas y qu\u00e9 hacer para enfrentarla.<\/p>\n<p style=\"text-align: justify;\">La charla fue moderada por la comunicadora Arisleyda Villalona, conocida como La Condesa, quien con su estilo directo gui\u00f3 las intervenciones de los especialistas: Jos\u00e9 L\u00f3pez Mena, m\u00e9dico psiquiatra, Dra. Francis B\u00e1ez m\u00e9dico psiquiatra, y los psic\u00f3logos Miron Swiatkowski, Josefer Hoepelman, Dalia Aguil\u00f3, Aristides Marte, especialista en marketing<\/p>\n<p style=\"text-align: justify;\">Durante m\u00e1s de dos horas, los asistentes no solo aprendieron sobre los s\u00edntomas y consecuencias de la depresi\u00f3n, sino tambi\u00e9n contaron sus experiencias e inquietudes. Se habl\u00f3 de la importancia de buscar ayuda, de romper el miedo a la terapia y, sobre todo, de apoyar a quienes enfrentan esta enfermedad en silencio.<\/p>\n<blockquote>\n<p style=\"text-align: justify;\">\u201cPara m\u00ed este proyecto es de mucha importancia, porque a trav\u00e9s del mismo puedo contar mi testimonio de vida con relaci\u00f3n a la la depresi\u00f3n ya que la viv\u00ed en carne propio y a ra\u00edz surgen las charlas de la salud mental para aportar mi granito de arena con un tema que en los \u00faltimos tiempos est\u00e1 arropado a todo el mundo\u201d. &#8211; expres\u00f3 Padilla.<\/p>\n<\/blockquote>\n<p style=\"text-align: justify;\">La actividad fue posible gracias al respaldo de varias marcas e instituciones, como Sambil Santo Domingo, Caf\u00e9 Santo Domingo, el senador Franklin Romero , la empresa Macroseguridad, VTV Televisi\u00f3n y Panorama 96.9 FM, Spa Vitalina, VIP catering Gourmet, YR Audio f\u00e1cil Comercial, ministerio de salud p\u00fablica, farmacia GBC, entre otros .<\/p>\n","protected":false},"excerpt":{"rendered":"<p>Santo Domingo , RD &#8211; La salud mental sigue siendo un tema que necesita m\u00e1s<\/p>\n","protected":false},"author":1,"featured_media":42285,"comment_status":"open","ping_status":"open","sticky":false,"template":"","format":"standard","meta":{"footnotes":""},"categories":[7],"tags":[],"class_list":["post-42284","post","type-post","status-publish","format-standard","has-post-thumbnail","hentry","category-nacionales"],"_links":{"self":[{"href":"https:\/\/laverdadpublica.com\/index.php\/wp-json\/wp\/v2\/posts\/42284","targetHints":{"allow":["GET"]}}],"collection":[{"href":"https:\/\/laverdadpublica.com\/index.php\/wp-json\/wp\/v2\/posts"}],"about":[{"href":"https:\/\/laverdadpublica.com\/index.php\/wp-json\/wp\/v2\/types\/post"}],"author":[{"embeddable":true,"href":"https:\/\/laverdadpublica.com\/index.php\/wp-json\/wp\/v2\/users\/1"}],"replies":[{"embeddable":true,"href":"https:\/\/laverdadpublica.com\/index.php\/wp-json\/wp\/v2\/comments?post=42284"}],"version-history":[{"count":1,"href":"https:\/\/laverdadpublica.com\/index.php\/wp-json\/wp\/v2\/posts\/42284\/revisions"}],"predecessor-version":[{"id":42286,"href":"https:\/\/laverdadpublica.com\/index.php\/wp-json\/wp\/v2\/posts\/42284\/revisions\/42286"}],"wp:featuredmedia":[{"embeddable":true,"href":"https:\/\/laverdadpublica.com\/index.php\/wp-json\/wp\/v2\/media\/42285"}],"wp:attachment":[{"href":"https:\/\/laverdadpublica.com\/index.php\/wp-json\/wp\/v2\/media?parent=42284"}],"wp:term":[{"taxonomy":"category","embeddable":true,"href":"https:\/\/laverdadpublica.com\/index.php\/wp-json\/wp\/v2\/categories?post=42284"},{"taxonomy":"post_tag","embeddable":true,"href":"https:\/\/laverdadpublica.com\/index.php\/wp-json\/wp\/v2\/tags?post=42284"}],"curies":[{"name":"wp","href":"https:\/\/api.w.org\/{rel}","templated":true}]}}