{"id":42544,"date":"2025-03-26T18:04:19","date_gmt":"2025-03-26T18:04:19","guid":{"rendered":"https:\/\/laverdadpublica.com\/?p=42544"},"modified":"2025-03-28T01:06:02","modified_gmt":"2025-03-28T01:06:02","slug":"arnaud-trata-con-sectores-de-espaillat-sobre-proyecto-de-agua-y-saneamiento-entrega-dos-camiones-a-la-coraamoca","status":"publish","type":"post","link":"https:\/\/laverdadpublica.com\/index.php\/2025\/03\/26\/arnaud-trata-con-sectores-de-espaillat-sobre-proyecto-de-agua-y-saneamiento-entrega-dos-camiones-a-la-coraamoca\/","title":{"rendered":"Arnaud trata con sectores de Espaillat sobre proyecto de agua y saneamiento; entrega dos camiones a la Coraamoca"},"content":{"rendered":"<p style=\"text-align: justify;\">ESPAILLAT. \u2013 El director ejecutivo del Instituto Nacional de Aguas Potables y Alcantarillados (INAPA), Wellington Arnaud, inform\u00f3 sobre el estatus del proyecto \u00abMejoramiento de los servicios de agua potable y saneamiento en los municipios de Moca y Gaspar Hern\u00e1ndez\u00bb, provincia Espaillat.<\/p>\n<p style=\"text-align: justify;\">Arnaud inform\u00f3 que ya se licit\u00f3 la rehabilitaci\u00f3n el\u00e9ctrica de la planta potabilizadora de La Dura, as\u00ed como la rehabilitaci\u00f3n de la estaci\u00f3n de bombeo de Guausil y el equipamiento de la ampliaci\u00f3n del acueducto de Gaspar Hern\u00e1ndez; obras que se adjudicar\u00e1n a la mayor brevedad posible.<\/p>\n<blockquote>\n<p style=\"text-align: justify;\">\u00abLa electrificaci\u00f3n de la planta de La Dura se iniciar\u00e1 en los pr\u00f3ximos d\u00edas y la rehabilitaci\u00f3n completa de la estaci\u00f3n est\u00e1 en proceso de licitaci\u00f3n por un monto de RD$500,000,000.00, lo que mejorar\u00e1 el servicio de agua potable de manera significativa\u00bb, expres\u00f3.<\/p>\n<\/blockquote>\n<p style=\"text-align: justify;\">Como parte del proyecto que ser\u00e1 ejecutado en coordinaci\u00f3n con la Corporaci\u00f3n del Acueducto y Alcantarillado de Moca (Coraamoca), Arnaud entreg\u00f3 al director general de esta entidad, Sandy M\u00e9ndez, dos camiones succionadores para usarse en la limpieza de alcantarillados sanitarios y pozos s\u00e9pticos.<\/p>\n<p style=\"text-align: justify;\">Se recuerda que el proyecto cuenta con el financiamiento del Banco Mundial por un monto de US$43,500,000.00 e impactar\u00e1 al menos 123,000 personas con el suministro de agua potable y unas 90,000 en cuanto al mejoramiento de la recolecci\u00f3n y tratamiento de aguas residuales.<\/p>\n<blockquote>\n<p style=\"text-align: justify;\">\u00abEstamos aqu\u00ed explicando c\u00f3mo va marchando obra por obra, y sobre todo, escuchando a los comunitarios de primera mano\u00bb, dijo. Asimismo, afirm\u00f3 que la transparencia es clave en cada ejecuci\u00f3n, se\u00f1al\u00f3.<\/p>\n<\/blockquote>\n<p>&nbsp;<\/p>\n<p>Fuente: Equipo Wellington Arnaud<\/p>\n","protected":false},"excerpt":{"rendered":"<p>ESPAILLAT. \u2013 El director ejecutivo del Instituto Nacional de Aguas Potables y Alcantarillados (INAPA), Wellington<\/p>\n","protected":false},"author":1,"featured_media":42545,"comment_status":"open","ping_status":"open","sticky":false,"template":"","format":"standard","meta":{"footnotes":""},"categories":[7],"tags":[],"class_list":["post-42544","post","type-post","status-publish","format-standard","has-post-thumbnail","hentry","category-nacionales"],"_links":{"self":[{"href":"https:\/\/laverdadpublica.com\/index.php\/wp-json\/wp\/v2\/posts\/42544","targetHints":{"allow":["GET"]}}],"collection":[{"href":"https:\/\/laverdadpublica.com\/index.php\/wp-json\/wp\/v2\/posts"}],"about":[{"href":"https:\/\/laverdadpublica.com\/index.php\/wp-json\/wp\/v2\/types\/post"}],"author":[{"embeddable":true,"href":"https:\/\/laverdadpublica.com\/index.php\/wp-json\/wp\/v2\/users\/1"}],"replies":[{"embeddable":true,"href":"https:\/\/laverdadpublica.com\/index.php\/wp-json\/wp\/v2\/comments?post=42544"}],"version-history":[{"count":1,"href":"https:\/\/laverdadpublica.com\/index.php\/wp-json\/wp\/v2\/posts\/42544\/revisions"}],"predecessor-version":[{"id":42546,"href":"https:\/\/laverdadpublica.com\/index.php\/wp-json\/wp\/v2\/posts\/42544\/revisions\/42546"}],"wp:featuredmedia":[{"embeddable":true,"href":"https:\/\/laverdadpublica.com\/index.php\/wp-json\/wp\/v2\/media\/42545"}],"wp:attachment":[{"href":"https:\/\/laverdadpublica.com\/index.php\/wp-json\/wp\/v2\/media?parent=42544"}],"wp:term":[{"taxonomy":"category","embeddable":true,"href":"https:\/\/laverdadpublica.com\/index.php\/wp-json\/wp\/v2\/categories?post=42544"},{"taxonomy":"post_tag","embeddable":true,"href":"https:\/\/laverdadpublica.com\/index.php\/wp-json\/wp\/v2\/tags?post=42544"}],"curies":[{"name":"wp","href":"https:\/\/api.w.org\/{rel}","templated":true}]}}