{"id":42620,"date":"2025-03-28T12:49:34","date_gmt":"2025-03-28T12:49:34","guid":{"rendered":"https:\/\/laverdadpublica.com\/?p=42620"},"modified":"2025-03-30T18:36:04","modified_gmt":"2025-03-30T18:36:04","slug":"pronunciamiento-por-la-paz-y-la-prudencia-en-friusa-asociacion-dominicana-de-pastores","status":"publish","type":"post","link":"https:\/\/laverdadpublica.com\/index.php\/2025\/03\/28\/pronunciamiento-por-la-paz-y-la-prudencia-en-friusa-asociacion-dominicana-de-pastores\/","title":{"rendered":"Pronunciamiento por la Paz y la Prudencia en Friusa Asociaci\u00f3n Dominicana de Pastores"},"content":{"rendered":"<p style=\"text-align: justify;\">Con el coraz\u00f3n lleno de amor por nuestra patria, y movidos por el profundo deseo de preservar la armon\u00eda que tanto necesitamos, la Asociaci\u00f3n Dominicana de Pastores levanta su voz en favor de la paz, la prudencia y el di\u00e1logo ante las manifestaciones convocadas en la comunidad de Friusa, en el distrito tur\u00edstico de B\u00e1varo\u2013Punta Cana.<\/p>\n<p style=\"text-align: justify;\">No ignoramos que el derecho a expresarse es sagrado, y que la justicia social debe ser buscada con firmeza. Pero tambi\u00e9n sabemos, como pastores del alma, que hay momentos en los que una chispa puede encender una gran llama, y que en tiempos de tensi\u00f3n, incluso los actos m\u00e1s bien intencionados pueden ser malinterpretados o manipulados por quienes no buscan el bien com\u00fan.<\/p>\n<p style=\"text-align: justify;\">Por eso, apelamos al coraz\u00f3n de los organizadores: piensen en su comunidad, en sus hijos, en los m\u00e1s vulnerables. Que el reclamo se haga, s\u00ed, pero con formas que no pongan en riesgo la paz ni abran la puerta al caos. Cambiar el lugar o el formato no es claudicar, es demostrar sabidur\u00eda, amor y responsabilidad.<\/p>\n<p style=\"text-align: justify;\">A las autoridades les pedimos templanza y respeto. Que act\u00faen con firmeza, pero tambi\u00e9n con humanidad. Y a los medios, que no se conviertan en portavoces del conflicto, sino en sembradores de esperanza.<\/p>\n<p style=\"text-align: justify;\">Hoy m\u00e1s que nunca, la naci\u00f3n necesita voces que unan, no que dividan; acciones que construyan, no que destruyan. Por eso, elevamos nuestras oraciones al Dios de la paz, rogando que cubra nuestra tierra con su misericordia, y recordamos las palabras del Maestro:<\/p>\n<blockquote>\n<p style=\"text-align: justify;\">\u201cBienaventurados los pacificadores, porque ellos ser\u00e1n llamados hijos de Dios\u201d (Mateo 5:9).<\/p>\n<\/blockquote>\n<p style=\"text-align: justify;\">Por el amor al pueblo, por la prudencia en la tormenta, y por el deseo de seguir caminando juntos como naci\u00f3n:<\/p>\n<blockquote>\n<p style=\"text-align: center;\">\u00a1Digamos s\u00ed a la paz!<\/p>\n<\/blockquote>\n<p>Fuente:<\/p>\n","protected":false},"excerpt":{"rendered":"<p>Con el coraz\u00f3n lleno de amor por nuestra patria, y movidos por el profundo deseo<\/p>\n","protected":false},"author":2,"featured_media":42622,"comment_status":"open","ping_status":"open","sticky":false,"template":"","format":"standard","meta":{"footnotes":""},"categories":[251],"tags":[],"class_list":["post-42620","post","type-post","status-publish","format-standard","has-post-thumbnail","hentry","category-cristiana"],"_links":{"self":[{"href":"https:\/\/laverdadpublica.com\/index.php\/wp-json\/wp\/v2\/posts\/42620","targetHints":{"allow":["GET"]}}],"collection":[{"href":"https:\/\/laverdadpublica.com\/index.php\/wp-json\/wp\/v2\/posts"}],"about":[{"href":"https:\/\/laverdadpublica.com\/index.php\/wp-json\/wp\/v2\/types\/post"}],"author":[{"embeddable":true,"href":"https:\/\/laverdadpublica.com\/index.php\/wp-json\/wp\/v2\/users\/2"}],"replies":[{"embeddable":true,"href":"https:\/\/laverdadpublica.com\/index.php\/wp-json\/wp\/v2\/comments?post=42620"}],"version-history":[{"count":1,"href":"https:\/\/laverdadpublica.com\/index.php\/wp-json\/wp\/v2\/posts\/42620\/revisions"}],"predecessor-version":[{"id":42623,"href":"https:\/\/laverdadpublica.com\/index.php\/wp-json\/wp\/v2\/posts\/42620\/revisions\/42623"}],"wp:featuredmedia":[{"embeddable":true,"href":"https:\/\/laverdadpublica.com\/index.php\/wp-json\/wp\/v2\/media\/42622"}],"wp:attachment":[{"href":"https:\/\/laverdadpublica.com\/index.php\/wp-json\/wp\/v2\/media?parent=42620"}],"wp:term":[{"taxonomy":"category","embeddable":true,"href":"https:\/\/laverdadpublica.com\/index.php\/wp-json\/wp\/v2\/categories?post=42620"},{"taxonomy":"post_tag","embeddable":true,"href":"https:\/\/laverdadpublica.com\/index.php\/wp-json\/wp\/v2\/tags?post=42620"}],"curies":[{"name":"wp","href":"https:\/\/api.w.org\/{rel}","templated":true}]}}