{"id":42709,"date":"2025-03-28T21:33:41","date_gmt":"2025-03-28T21:33:41","guid":{"rendered":"https:\/\/laverdadpublica.com\/?p=42709"},"modified":"2025-03-29T21:35:14","modified_gmt":"2025-03-29T21:35:14","slug":"max-puig-advierte-del-impacto-desproporcionado-del-cambio-climatico-en-las-nuevas-generaciones","status":"publish","type":"post","link":"https:\/\/laverdadpublica.com\/index.php\/2025\/03\/28\/max-puig-advierte-del-impacto-desproporcionado-del-cambio-climatico-en-las-nuevas-generaciones\/","title":{"rendered":"Max Puig advierte del impacto desproporcionado del cambio clim\u00e1tico en las nuevas generaciones"},"content":{"rendered":"<p style=\"text-align: justify;\">Destaca la necesidad de reforzar la educaci\u00f3n clim\u00e1tica en el pa\u00eds y que se promuevan iniciativas que capaciten a los j\u00f3venes para convertirse en actores clave en la lucha contra el cambio clim\u00e1tico<\/p>\n<blockquote>\n<p style=\"text-align: justify;\">\u201cEn el marco de los desaf\u00edos que plantea el cambio clim\u00e1tico, los principales perjudicados por este fen\u00f3meno son, sin duda, los m\u00e1s j\u00f3venes\u201d. As\u00ed expres\u00f3 Max Puig, vicepresidente ejecutivo del consejo Nacional para el Cambio Clim\u00e1tico y Mecanismo de Desarrollo Limpio (CNCCMDL) durante la presentaci\u00f3n de los resultados del informe de la Consulta a Estudiantes sobre Cambio Clim\u00e1tico en Rep\u00fablica Dominicana.<\/p>\n<\/blockquote>\n<p style=\"text-align: justify;\">Puig destac\u00f3 que la investigaci\u00f3n, concebida para explorar c\u00f3mo los j\u00f3venes perciben el cambio clim\u00e1tico e identificar los puntos fuertes y \u00e1reas de mejora en la educaci\u00f3n sobre el tema, \u201crefleja cu\u00e1n urgente es para los j\u00f3venes, que la sociedad se aboque a una acci\u00f3n clim\u00e1tica nacional y global\u201d.<\/p>\n<blockquote>\n<p style=\"text-align: justify;\">\u201cLa investigaci\u00f3n analiza su nivel de sensibilizaci\u00f3n, las fuentes de informaci\u00f3n que utilizan y el tipo de datos que manejan, y pone especial \u00e9nfasis en comprender las emociones y actitudes que desarrollan frente a esta problem\u00e1tica global, cuyos impactos perciben cercanos a su realidad\u201d, asegur\u00f3.<\/p>\n<\/blockquote>\n<p style=\"text-align: justify;\">Puig record\u00f3 que desde el a\u00f1o 2011 se viene realizando estudios en el pa\u00eds para determinar el nivel de conocimiento y percepci\u00f3n de la poblaci\u00f3n sobre el cambio clim\u00e1tico y sus efectos, el primero de ellos, fue la encuesta sobre el \u201cNivel de conocimiento y percepci\u00f3n de la poblaci\u00f3n dominicana acerca del cambio clim\u00e1tico\u201d, realizada por la firma Gallup.<\/p>\n<blockquote>\n<p style=\"text-align: justify;\">\u201cEsta encuesta se repiti\u00f3 en 2021, diez a\u00f1os despu\u00e9s y con par\u00e1metros t\u00e9cnicos bastante similares, para medir c\u00f3mo hab\u00eda evolucionado la percepci\u00f3n de la poblaci\u00f3n respecto al cambio clim\u00e1tico y sus efectos, y uno de los hallazgos que m\u00e1s nos llama a la acci\u00f3n es el que muestra que, aunque ha crecido la preocupaci\u00f3n de las personas sobre este tema, no ha pasado lo mismo con el conocimiento de las causas y consecuencias que tiene el cambio clim\u00e1tico para la poblaci\u00f3n\u201d, dijo.<\/p>\n<\/blockquote>\n<p style=\"text-align: justify;\">En este sentido, destac\u00f3 que desde el gobierno existe un compromiso y se desarrollan m\u00faltiples iniciativas para la sensibilizaci\u00f3n y educaci\u00f3n de la poblaci\u00f3n acerca del cambio clim\u00e1tico, tales como charlas en instituciones y organizaciones; campa\u00f1as audiovisuales como La Escuela Clim\u00e1tica; acuerdos de colaboraci\u00f3n con instituciones para dise\u00f1ar planes de acci\u00f3n clim\u00e1tica en conjunto, entre otras.<\/p>\n<p><strong>El Estudio<\/strong><\/p>\n<p style=\"text-align: justify;\">Este estudio se realiz\u00f3 bajo la coordinaci\u00f3n de la representante de OEI en Rep\u00fablica Dominicana, Catalina And\u00fajar; y con la coordinadora t\u00e9cnica del \u00e1rea de cooperaci\u00f3n de la OEI, Analia Rosoli; fue desarrollado por la Universidad de Valencia bajo el liderazgo de la directora de investigaci\u00f3n\u00a0de esa casa de estudios, Amparo Oliver, y Margarita G\u00f3mez Sarmiento, de la Academia de Ciencias de Colombia, con el apoyo del Instituto Dominicano de la Evaluaci\u00f3n e Investigaci\u00f3n de la Calidad (IDEICE), y el aval del Consejo Nacional para el Cambio Clim\u00e1tico y Mecanismo de Desarrollo Limpio.<\/p>\n<p style=\"text-align: justify;\">El proceso de consultas se realiz\u00f3 entre septiembre y octubre de 2024, en ella participaron 6,093 estudiantes de 341 centros educativos distribuidos en 18 regiones del pa\u00eds. El estudio, coordinado por el IDEICE, ten\u00eda como objetivo evaluar los conocimientos, actitudes y emociones de los j\u00f3venes con respecto al cambio clim\u00e1tico.<\/p>\n<p style=\"text-align: justify;\">Los resultados arrojaron un promedio de solo 3.81 respuestas correctas sobre 10 en un cuestionario de 20 preguntas, lo que evidencia una brecha significativa en el entendimiento del fen\u00f3meno y subraya la necesidad de reforzar la educaci\u00f3n ambiental.<\/p>\n<p style=\"text-align: justify;\">Entre los principales hallazgos, el informe revela una confusi\u00f3n frecuente entre los conceptos de contaminaci\u00f3n y cambio clim\u00e1tico, lo que pone de manifiesto un problema de comprensi\u00f3n del problema que debe ser abordado.<\/p>\n<p style=\"text-align: justify;\">Este esfuerzo colaborativo busca proporcionar insumos fundamentales para dise\u00f1ar pol\u00edticas p\u00fablicas que fomenten un mayor conocimiento sobre el cambio clim\u00e1tico y una participaci\u00f3n activa por parte de los estudiantes en iniciativas de preservaci\u00f3n ambiental.<\/p>\n<p>Fuente: Prensa CNCCMDL<\/p>\n","protected":false},"excerpt":{"rendered":"<p>Destaca la necesidad de reforzar la educaci\u00f3n clim\u00e1tica en el pa\u00eds y que se promuevan<\/p>\n","protected":false},"author":2,"featured_media":42711,"comment_status":"open","ping_status":"open","sticky":false,"template":"","format":"standard","meta":{"footnotes":""},"categories":[233],"tags":[],"class_list":["post-42709","post","type-post","status-publish","format-standard","has-post-thumbnail","hentry","category-medio-ambiente"],"_links":{"self":[{"href":"https:\/\/laverdadpublica.com\/index.php\/wp-json\/wp\/v2\/posts\/42709","targetHints":{"allow":["GET"]}}],"collection":[{"href":"https:\/\/laverdadpublica.com\/index.php\/wp-json\/wp\/v2\/posts"}],"about":[{"href":"https:\/\/laverdadpublica.com\/index.php\/wp-json\/wp\/v2\/types\/post"}],"author":[{"embeddable":true,"href":"https:\/\/laverdadpublica.com\/index.php\/wp-json\/wp\/v2\/users\/2"}],"replies":[{"embeddable":true,"href":"https:\/\/laverdadpublica.com\/index.php\/wp-json\/wp\/v2\/comments?post=42709"}],"version-history":[{"count":1,"href":"https:\/\/laverdadpublica.com\/index.php\/wp-json\/wp\/v2\/posts\/42709\/revisions"}],"predecessor-version":[{"id":42710,"href":"https:\/\/laverdadpublica.com\/index.php\/wp-json\/wp\/v2\/posts\/42709\/revisions\/42710"}],"wp:featuredmedia":[{"embeddable":true,"href":"https:\/\/laverdadpublica.com\/index.php\/wp-json\/wp\/v2\/media\/42711"}],"wp:attachment":[{"href":"https:\/\/laverdadpublica.com\/index.php\/wp-json\/wp\/v2\/media?parent=42709"}],"wp:term":[{"taxonomy":"category","embeddable":true,"href":"https:\/\/laverdadpublica.com\/index.php\/wp-json\/wp\/v2\/categories?post=42709"},{"taxonomy":"post_tag","embeddable":true,"href":"https:\/\/laverdadpublica.com\/index.php\/wp-json\/wp\/v2\/tags?post=42709"}],"curies":[{"name":"wp","href":"https:\/\/api.w.org\/{rel}","templated":true}]}}