{"id":42725,"date":"2025-03-30T14:55:14","date_gmt":"2025-03-30T14:55:14","guid":{"rendered":"https:\/\/laverdadpublica.com\/?p=42725"},"modified":"2025-03-30T14:55:14","modified_gmt":"2025-03-30T14:55:14","slug":"carmen-reynoso-lanza-libro-a-traves-de-sentimientos-encontrados","status":"publish","type":"post","link":"https:\/\/laverdadpublica.com\/index.php\/2025\/03\/30\/carmen-reynoso-lanza-libro-a-traves-de-sentimientos-encontrados\/","title":{"rendered":"Carmen Reynoso lanza libro: \u00abA trav\u00e9s de sentimientos encontrados\u00bb"},"content":{"rendered":"<p style=\"text-align: justify;\">Durante la celebraci\u00f3n de la Noche Gala 2025 del colegio Maximo Gomez una joven talentosa brillo con luz propia en el escenario.<\/p>\n<p style=\"text-align: justify;\">Adem\u00e1s de iluminar con su luz, carisma, belleza y buen l\u00e9xico; Carmen Reynoso debut\u00f3 como autora de su primer libro titulado \u00abA trav\u00e9s de sentimientos encontrados\u00bb<\/p>\n<p style=\"text-align: justify;\">Por otra parte este libro trata de los sentimientos y emociones que muchas veces se dificultad expresar, d\u00f3nde la autora plantea una inmensidad de emociones a flor de piel a trav\u00e9s de historias.<\/p>\n<blockquote>\n<p style=\"text-align: justify;\">\u00abPase noches dedicando tiempo a la creaci\u00f3n de este libro, intent\u00e9 darme por vencida, pero record\u00e9 que lo \u00fanico imposible es aquello que no intentas\u00bb dijo Reynoso<\/p>\n<\/blockquote>\n<p style=\"text-align: justify;\">Destacar que en los pr\u00f3ximos d\u00edas el libro saldr\u00e1 a la venta tanto en formato f\u00edsico, como digital para que todos aquellos que desean explorar sus sentimientos y emociones a trav\u00e9s de la lectura.<\/p>\n<p>Fuente: Ezequiel Nova<\/p>\n","protected":false},"excerpt":{"rendered":"<p>Durante la celebraci\u00f3n de la Noche Gala 2025 del colegio Maximo Gomez una joven talentosa<\/p>\n","protected":false},"author":1,"featured_media":42726,"comment_status":"open","ping_status":"open","sticky":false,"template":"","format":"standard","meta":{"footnotes":""},"categories":[245],"tags":[],"class_list":["post-42725","post","type-post","status-publish","format-standard","has-post-thumbnail","hentry","category-cultura"],"_links":{"self":[{"href":"https:\/\/laverdadpublica.com\/index.php\/wp-json\/wp\/v2\/posts\/42725","targetHints":{"allow":["GET"]}}],"collection":[{"href":"https:\/\/laverdadpublica.com\/index.php\/wp-json\/wp\/v2\/posts"}],"about":[{"href":"https:\/\/laverdadpublica.com\/index.php\/wp-json\/wp\/v2\/types\/post"}],"author":[{"embeddable":true,"href":"https:\/\/laverdadpublica.com\/index.php\/wp-json\/wp\/v2\/users\/1"}],"replies":[{"embeddable":true,"href":"https:\/\/laverdadpublica.com\/index.php\/wp-json\/wp\/v2\/comments?post=42725"}],"version-history":[{"count":1,"href":"https:\/\/laverdadpublica.com\/index.php\/wp-json\/wp\/v2\/posts\/42725\/revisions"}],"predecessor-version":[{"id":42727,"href":"https:\/\/laverdadpublica.com\/index.php\/wp-json\/wp\/v2\/posts\/42725\/revisions\/42727"}],"wp:featuredmedia":[{"embeddable":true,"href":"https:\/\/laverdadpublica.com\/index.php\/wp-json\/wp\/v2\/media\/42726"}],"wp:attachment":[{"href":"https:\/\/laverdadpublica.com\/index.php\/wp-json\/wp\/v2\/media?parent=42725"}],"wp:term":[{"taxonomy":"category","embeddable":true,"href":"https:\/\/laverdadpublica.com\/index.php\/wp-json\/wp\/v2\/categories?post=42725"},{"taxonomy":"post_tag","embeddable":true,"href":"https:\/\/laverdadpublica.com\/index.php\/wp-json\/wp\/v2\/tags?post=42725"}],"curies":[{"name":"wp","href":"https:\/\/api.w.org\/{rel}","templated":true}]}}