{"id":42902,"date":"2025-04-01T22:28:02","date_gmt":"2025-04-01T22:28:02","guid":{"rendered":"https:\/\/laverdadpublica.com\/?p=42902"},"modified":"2025-04-01T22:28:02","modified_gmt":"2025-04-01T22:28:02","slug":"alex-bueno-presenta-ante-la-prensa-su-nuevo-disco-el-mas-completo","status":"publish","type":"post","link":"https:\/\/laverdadpublica.com\/index.php\/2025\/04\/01\/alex-bueno-presenta-ante-la-prensa-su-nuevo-disco-el-mas-completo\/","title":{"rendered":"Alex Bueno presenta ante la prensa su nuevo disco \u00abEl m\u00e1s completo\u00bb"},"content":{"rendered":"<p style=\"text-align: justify;\">Santo Domingo.- El artista Alex Bueno present\u00f3 ante la prensa especializada su m\u00e1s reciente \u00e1lbum musical titulado El m\u00e1s completo, compuesto por 15 canciones y seis ritmos musicales como merengue, salsa, balada, bolero, bachata y merengue t\u00edpico.<\/p>\n<p style=\"text-align: justify;\">En una rueda de prensa realizada en el sal\u00f3n Barcelona del hotel Catalonia, el int\u00e9rprete de \u00abQu\u00e9 m\u00e1s bonita\u00bb y otros \u00e9xitos, expres\u00f3 su satisfacci\u00f3n de contar con la presencia de gente que ha visto triunfar a lo largo de su carrera y le han dado el apoyo desde que se inici\u00f3 como cantante.<\/p>\n<blockquote>\n<p style=\"text-align: justify;\">\u201cHoy estoy aqu\u00ed con ustedes, mis periodistas, mis compa\u00f1eros artistas y productores musicales que han tenido que ver con mi carrera a lo largo de m\u00e1s de 40 a\u00f1os de trayectoria.<\/p>\n<\/blockquote>\n<p style=\"text-align: justify;\">Agradeci\u00f3 a su m\u00e1nager Yordy Torres por el gran trabajo que ha realizado en estos \u00faltimos a\u00f1os, as\u00ed como a Ram\u00f3n Orlando y Manuel Tejada, Manuel Tejada, El Prodigio, Pablo Rosario, Robinson Hern\u00e1ndez, Darys Contreras y el fallecido V\u00edctor Waill, quienes fueron los arreglistas de las canciones del disco.<\/p>\n<p style=\"text-align: justify;\"><strong>Los temas<\/strong><\/p>\n<p style=\"text-align: justify;\">Est\u00e1s compuesto por los merengues \u201cGente luminosa\u201d, de la autor\u00eda de Pedro Laband\u00f3n P\u00e9rez; \u201cNo juegues m\u00e1s\u201d, de la autor\u00eda de Leonardo Favio; \u201cTe suplico\u201d, de Rigoberto Peralta N\u00fa\u00f1ez y \u201cToqu\u00e9 fondo\u201d, de Ram\u00f3n Orlando.<\/p>\n<p style=\"text-align: justify;\">Adem\u00e1s, las bachatas, \u201cVuelve\u201d, de F\u00e9lix Mirabal; \u201cYo el Juguete\u201d, de JC Fern\u00e1ndez; \u201cHay amores\u201d, Brando Goicochea; \u201cNo te olvidar\u00e9\u201d, de F\u00e9lix Mirabal e \u201cIl ciep in stanza\u201d, de Gino Paoli y un popurr\u00ed con siete de las bachatas m\u00e1s ic\u00f3nicas de todos los tiempos<\/p>\n<p style=\"text-align: justify;\">Tambi\u00e9n, el merengue t\u00edpico \u201cEsa mujer\u201d, de V\u00edctor V\u00edctor<\/p>\n<p style=\"text-align: justify;\">Asimismo, las salsas \u201cUn momento contigo\u201d, esta del propio Alex Bueno, \u201cCompa\u00f1era\u201d, de Jos\u00e9 Luis Azcona y la balada, \u201cAmor regresa\u201d, de F\u00e9lix Veloz y Jos\u00e9 Luis Azcona, as\u00ed como el bolero \u201cL\u00e1grimas del alma\u201d, Boni Vilase\u00f1or.<\/p>\n<p style=\"text-align: justify;\">Con este \u00e1lbum Alex Bueno regresa al bolero, un g\u00e9nero que le dio fama en los 80 como temas como \u201cEsa pared\u201d, \u201cOjitos negros\u201d, \u201cEl Mal querido\u201d, \u201cLa ruleta\u201d y \u201cEntre tu amor y mi amor\u201d.<\/p>\n<p>Fuente: CRNews<\/p>\n","protected":false},"excerpt":{"rendered":"<p>Santo Domingo.- El artista Alex Bueno present\u00f3 ante la prensa especializada su m\u00e1s reciente \u00e1lbum<\/p>\n","protected":false},"author":4,"featured_media":42903,"comment_status":"open","ping_status":"open","sticky":false,"template":"","format":"standard","meta":{"footnotes":""},"categories":[249],"tags":[],"class_list":["post-42902","post","type-post","status-publish","format-standard","has-post-thumbnail","hentry","category-farandula"],"_links":{"self":[{"href":"https:\/\/laverdadpublica.com\/index.php\/wp-json\/wp\/v2\/posts\/42902","targetHints":{"allow":["GET"]}}],"collection":[{"href":"https:\/\/laverdadpublica.com\/index.php\/wp-json\/wp\/v2\/posts"}],"about":[{"href":"https:\/\/laverdadpublica.com\/index.php\/wp-json\/wp\/v2\/types\/post"}],"author":[{"embeddable":true,"href":"https:\/\/laverdadpublica.com\/index.php\/wp-json\/wp\/v2\/users\/4"}],"replies":[{"embeddable":true,"href":"https:\/\/laverdadpublica.com\/index.php\/wp-json\/wp\/v2\/comments?post=42902"}],"version-history":[{"count":1,"href":"https:\/\/laverdadpublica.com\/index.php\/wp-json\/wp\/v2\/posts\/42902\/revisions"}],"predecessor-version":[{"id":42904,"href":"https:\/\/laverdadpublica.com\/index.php\/wp-json\/wp\/v2\/posts\/42902\/revisions\/42904"}],"wp:featuredmedia":[{"embeddable":true,"href":"https:\/\/laverdadpublica.com\/index.php\/wp-json\/wp\/v2\/media\/42903"}],"wp:attachment":[{"href":"https:\/\/laverdadpublica.com\/index.php\/wp-json\/wp\/v2\/media?parent=42902"}],"wp:term":[{"taxonomy":"category","embeddable":true,"href":"https:\/\/laverdadpublica.com\/index.php\/wp-json\/wp\/v2\/categories?post=42902"},{"taxonomy":"post_tag","embeddable":true,"href":"https:\/\/laverdadpublica.com\/index.php\/wp-json\/wp\/v2\/tags?post=42902"}],"curies":[{"name":"wp","href":"https:\/\/api.w.org\/{rel}","templated":true}]}}