{"id":42916,"date":"2025-03-30T12:32:01","date_gmt":"2025-03-30T12:32:01","guid":{"rendered":"https:\/\/laverdadpublica.com\/?p=42916"},"modified":"2025-04-02T02:33:34","modified_gmt":"2025-04-02T02:33:34","slug":"tercer-congreso-mujeres-que-emprenden-santo-domingo-norte-un-exito-rotundo","status":"publish","type":"post","link":"https:\/\/laverdadpublica.com\/index.php\/2025\/03\/30\/tercer-congreso-mujeres-que-emprenden-santo-domingo-norte-un-exito-rotundo\/","title":{"rendered":"Tercer Congreso Mujeres que Emprenden Santo Domingo Norte: Un \u00c9xito Rotundo"},"content":{"rendered":"<p style=\"text-align: justify;\">Santo Domingo, marzo de 2025. \u2013 El pasado s\u00e1bado se celebr\u00f3 con gran \u00e9xito el Tercer Congreso Mujeres que Emprenden Santo Domingo Norte, un evento que reuni\u00f3 a emprendedoras, empresarias, comunicadoras y l\u00edderes de diversas industrias del pa\u00eds. Este congreso, ya consolidado como un referente en el empoderamiento femenino dentro del \u00e1mbito empresarial, tuvo como objetivo principal inspirar, educar y conectar a mujeres interesadas en hacer crecer sus negocios y proyectos.<\/p>\n<p style=\"text-align: justify;\">La jornada inici\u00f3 con las palabras de la alcaldesa de Santo Domingo Norte, Betty Ger\u00f3nimo, quien reafirm\u00f3 su compromiso con las iniciativas que fomentan el desarrollo econ\u00f3mico local a trav\u00e9s del emprendimiento femenino. Adem\u00e1s, destac\u00f3 la importancia de crear espacios como este para proporcionar herramientas y conocimientos que contribuyan al \u00e9xito de las emprendedoras de la comunidad.<\/p>\n<p style=\"text-align: justify;\">El evento cont\u00f3 con la participaci\u00f3n de destacadas panelistas con una trayectoria impresionante en sus respectivos campos. Entre ellas:<\/p>\n<p style=\"text-align: justify;\">\u2022 Mar\u00eda Ang\u00e9lica Ure\u00f1a, Sarine Feliz y Nieves Marte, reconocidas comunicadoras, quienes compartieron su experiencia sobre c\u00f3mo la comunicaci\u00f3n efectiva es vital para las ventas. Su enfoque pr\u00e1ctico y motivador reson\u00f3 profundamente entre las asistentes, alent\u00e1ndolas a superar el miedo a comunicar lo que ofrecen en sus negocios.<\/p>\n<p style=\"text-align: justify;\">\u2022 Melissa Gonell y Sugeidy Martes, expertas en imagen, ofrecieron valiosas herramientas para que las emprendedoras proyecten una imagen profesional y exitosa en sus negocios.<\/p>\n<p style=\"text-align: justify;\">\u2022 Tahimes Rosario, Roc\u00edo D\u2019Oleo y Yohanna Ferreira, empresarias destacadas, compartieron sus inspiradoras historias de \u00e9xito y los desaf\u00edos que han superado. Sus testimonios de resiliencia y perseverancia dejaron una huella significativa en todas las participantes.<\/p>\n<p style=\"text-align: justify;\">El congreso tambi\u00e9n incluy\u00f3 un bazar, exhibiciones, experiencias con marcas y oportunidades de networking, permitiendo a las asistentes comprar productos de otras emprendedoras, intercambiar ideas y establecer conexiones valiosas.<\/p>\n<p style=\"text-align: justify;\">Durante la actividad, se entregaron reconocimientos a diversas instituciones, emprendedoras y comunicadoras destacadas por su compromiso y esfuerzo en sus respectivas \u00e1reas. La mayor\u00eda de estos reconocimientos fueron entregados por el Sr. Miguel \u00c1ngel Alburquerque, presidente de M.A Creaciones Acr\u00edlicas, y Carolin Reyes, vicepresidenta de la misma empresa.<\/p>\n<p style=\"text-align: justify;\">Asimismo, la diputada Patricia N\u00fa\u00f1ez reconoci\u00f3 a las integrantes de la directiva de Mujeres Que Emprenden SDN, resaltando su liderazgo, visi\u00f3n y compromiso con el empoderamiento femenino.<\/p>\n<p style=\"text-align: justify;\">El evento fue un espacio de celebraci\u00f3n y aprendizaje, donde se reafirm\u00f3 el compromiso de seguir apoyando a las mujeres emprendedoras. La organizaci\u00f3n del congreso agradece a sus patrocinadores y colaboradores: Omar Design, M.A Creaciones Acr\u00edlicas, Club Para\u00edso, Mujer BHD, Fundaci\u00f3n Reservas del Pa\u00eds, Alcald\u00eda de Santo Domingo Norte y Betty Pe\u00f1a.<\/p>\n<p style=\"text-align: justify;\">Con este congreso, Santo Domingo Norte reafirma su liderazgo en la promoci\u00f3n del emprendimiento femenino y el desarrollo econ\u00f3mico local.<\/p>\n<p>Fuente: Informa Lo Real<\/p>\n","protected":false},"excerpt":{"rendered":"<p>Santo Domingo, marzo de 2025. \u2013 El pasado s\u00e1bado se celebr\u00f3 con gran \u00e9xito el<\/p>\n","protected":false},"author":1,"featured_media":42917,"comment_status":"open","ping_status":"open","sticky":false,"template":"","format":"standard","meta":{"footnotes":""},"categories":[7],"tags":[],"class_list":["post-42916","post","type-post","status-publish","format-standard","has-post-thumbnail","hentry","category-nacionales"],"_links":{"self":[{"href":"https:\/\/laverdadpublica.com\/index.php\/wp-json\/wp\/v2\/posts\/42916","targetHints":{"allow":["GET"]}}],"collection":[{"href":"https:\/\/laverdadpublica.com\/index.php\/wp-json\/wp\/v2\/posts"}],"about":[{"href":"https:\/\/laverdadpublica.com\/index.php\/wp-json\/wp\/v2\/types\/post"}],"author":[{"embeddable":true,"href":"https:\/\/laverdadpublica.com\/index.php\/wp-json\/wp\/v2\/users\/1"}],"replies":[{"embeddable":true,"href":"https:\/\/laverdadpublica.com\/index.php\/wp-json\/wp\/v2\/comments?post=42916"}],"version-history":[{"count":1,"href":"https:\/\/laverdadpublica.com\/index.php\/wp-json\/wp\/v2\/posts\/42916\/revisions"}],"predecessor-version":[{"id":42918,"href":"https:\/\/laverdadpublica.com\/index.php\/wp-json\/wp\/v2\/posts\/42916\/revisions\/42918"}],"wp:featuredmedia":[{"embeddable":true,"href":"https:\/\/laverdadpublica.com\/index.php\/wp-json\/wp\/v2\/media\/42917"}],"wp:attachment":[{"href":"https:\/\/laverdadpublica.com\/index.php\/wp-json\/wp\/v2\/media?parent=42916"}],"wp:term":[{"taxonomy":"category","embeddable":true,"href":"https:\/\/laverdadpublica.com\/index.php\/wp-json\/wp\/v2\/categories?post=42916"},{"taxonomy":"post_tag","embeddable":true,"href":"https:\/\/laverdadpublica.com\/index.php\/wp-json\/wp\/v2\/tags?post=42916"}],"curies":[{"name":"wp","href":"https:\/\/api.w.org\/{rel}","templated":true}]}}