{"id":43103,"date":"2025-04-04T15:55:56","date_gmt":"2025-04-04T15:55:56","guid":{"rendered":"https:\/\/laverdadpublica.com\/?p=43103"},"modified":"2025-04-04T15:55:56","modified_gmt":"2025-04-04T15:55:56","slug":"miguel-camacho-relacion-rd-y-ee-uu-sera-clave-para-abinader-ante-imposicion-de-aranceles","status":"publish","type":"post","link":"https:\/\/laverdadpublica.com\/index.php\/2025\/04\/04\/miguel-camacho-relacion-rd-y-ee-uu-sera-clave-para-abinader-ante-imposicion-de-aranceles\/","title":{"rendered":"Miguel Camacho: \u201cRelaci\u00f3n RD y EE.UU. ser\u00e1 clave para Abinader ante imposici\u00f3n de aranceles\u201d"},"content":{"rendered":"<p style=\"text-align: justify;\">Santo Domingo.- El presidente del movimiento Avanzada Democr\u00e1tica, ingeniero Miguel Camacho, manifest\u00f3 este jueves que las relaciones bilaterales entre la Rep\u00fablica Dominicana y los Estados Unidos ser\u00e1n clave para el presidente Luis Abinader de cara a buscar evitar el 10 % de aranceles a las exportaciones como dispuso ayer el mandatario Donald Trump.<\/p>\n<blockquote>\n<p style=\"text-align: justify;\">\u201cLas relaciones bilaterales entre los Estados Unidos y Rep\u00fablica Dominicana se encuentra en su mejor momento, como nunca antes, y eso ser\u00e1 un aspecto clave para los di\u00e1logos que iniciar\u00eda el presidente Abinader a fin de evitar la imposici\u00f3n de los aranceles anunciados ayer por Trump\u201d, dijo Camacho.<\/p>\n<\/blockquote>\n<p style=\"text-align: justify;\">Sin embargo, el veterano dirigente pol\u00edtico coloc\u00f3 sobre la mesa la posibilidad de que si se dejara como tal el aumento del arancel, este seguir\u00eda estando por debajo del promedio de la regi\u00f3n y el mundo, ya que considera otras naciones est\u00e1n muy por encima de los aumentos anunciados por Trump.<\/p>\n<blockquote>\n<p style=\"text-align: justify;\">\u201cHay dos detalles que sin importar el impacto medi\u00e1tico de la medida no podemos obviar, estas son que el 10 % de los aranceles anunciados por Donald Trump al compararlo con otras naciones de la regi\u00f3n est\u00e1 por debajo y, la segunda es que, de quedar sin variaci\u00f3n, la tendencia por ingreso de exportaciones para los dominicanos tiene una tendencia al crecimiento, solo el pasado a\u00f1o super\u00f3 los catorce mil millones de d\u00f3lares\u201d, puntualiz\u00f3.<\/p>\n<\/blockquote>\n<p style=\"text-align: justify;\">Las declaraciones de Miguel Camacho surgen luego de que el presidente Luis Abinader diera a conocer que sostendr\u00e1 conversaciones bilaterales con el gobierno estadounidense para negociar y buscarle una salida a la medida impuesta por el mandatario norteamericano el d\u00eda de ayer.<\/p>\n<p>Fuente: Movimiento Avanzada Democr\u00e1tica<\/p>\n","protected":false},"excerpt":{"rendered":"<p>Santo Domingo.- El presidente del movimiento Avanzada Democr\u00e1tica, ingeniero Miguel Camacho, manifest\u00f3 este jueves que<\/p>\n","protected":false},"author":1,"featured_media":43104,"comment_status":"open","ping_status":"open","sticky":false,"template":"","format":"standard","meta":{"footnotes":""},"categories":[7],"tags":[],"class_list":["post-43103","post","type-post","status-publish","format-standard","has-post-thumbnail","hentry","category-nacionales"],"_links":{"self":[{"href":"https:\/\/laverdadpublica.com\/index.php\/wp-json\/wp\/v2\/posts\/43103","targetHints":{"allow":["GET"]}}],"collection":[{"href":"https:\/\/laverdadpublica.com\/index.php\/wp-json\/wp\/v2\/posts"}],"about":[{"href":"https:\/\/laverdadpublica.com\/index.php\/wp-json\/wp\/v2\/types\/post"}],"author":[{"embeddable":true,"href":"https:\/\/laverdadpublica.com\/index.php\/wp-json\/wp\/v2\/users\/1"}],"replies":[{"embeddable":true,"href":"https:\/\/laverdadpublica.com\/index.php\/wp-json\/wp\/v2\/comments?post=43103"}],"version-history":[{"count":1,"href":"https:\/\/laverdadpublica.com\/index.php\/wp-json\/wp\/v2\/posts\/43103\/revisions"}],"predecessor-version":[{"id":43105,"href":"https:\/\/laverdadpublica.com\/index.php\/wp-json\/wp\/v2\/posts\/43103\/revisions\/43105"}],"wp:featuredmedia":[{"embeddable":true,"href":"https:\/\/laverdadpublica.com\/index.php\/wp-json\/wp\/v2\/media\/43104"}],"wp:attachment":[{"href":"https:\/\/laverdadpublica.com\/index.php\/wp-json\/wp\/v2\/media?parent=43103"}],"wp:term":[{"taxonomy":"category","embeddable":true,"href":"https:\/\/laverdadpublica.com\/index.php\/wp-json\/wp\/v2\/categories?post=43103"},{"taxonomy":"post_tag","embeddable":true,"href":"https:\/\/laverdadpublica.com\/index.php\/wp-json\/wp\/v2\/tags?post=43103"}],"curies":[{"name":"wp","href":"https:\/\/api.w.org\/{rel}","templated":true}]}}