{"id":43106,"date":"2025-04-04T15:58:57","date_gmt":"2025-04-04T15:58:57","guid":{"rendered":"https:\/\/laverdadpublica.com\/?p=43106"},"modified":"2025-04-04T15:58:57","modified_gmt":"2025-04-04T15:58:57","slug":"quiero-ser-piloto-finalista-de-los-atm-awards-2024","status":"publish","type":"post","link":"https:\/\/laverdadpublica.com\/index.php\/2025\/04\/04\/quiero-ser-piloto-finalista-de-los-atm-awards-2024\/","title":{"rendered":"Quiero ser piloto finalista de los ATM Awards 2024"},"content":{"rendered":"<blockquote>\n<p style=\"text-align: justify;\">El reality show dominicano figura entre iniciativas de clase mundial que promueven la diversidad, la equidad y la inclusi\u00f3n en la aviaci\u00f3n<\/p>\n<\/blockquote>\n<p style=\"text-align: justify;\">SANTO DOMINGO.- El reality show \u201cQuiero ser piloto\u201d, una iniciativa marca pa\u00eds de El Nuevo Diario, ideada por Olga Isabel P\u00e9rez y coproducido por Irving Novas, con el respaldo de instituciones p\u00fablicas y privadas dominicanas, ha sido seleccionado como finalista oficial en los ATM Awards 2024, uno de los premios m\u00e1s prestigiosos del mundo en el \u00e1mbito aeron\u00e1utico.<\/p>\n<p style=\"text-align: justify;\">Esta nominaci\u00f3n marca un hito hist\u00f3rico al ser la primera vez que un proyecto de la Rep\u00fablica Dominicana es reconocido en estos galardones internacionales.<\/p>\n<p style=\"text-align: justify;\">La nominaci\u00f3n se encuentra en la categor\u00eda Diversidad, Equidad e Inclusi\u00f3n (DEI), que destaca los proyectos m\u00e1s innovadores y efectivos en la promoci\u00f3n de talento diverso, acceso equitativo a las oportunidades y una aviaci\u00f3n m\u00e1s representativa del mundo actual.<\/p>\n<p style=\"text-align: justify;\">La nominaci\u00f3n se encuentra en la categor\u00eda Diversidad, Equidad e Inclusi\u00f3n (DEI), que destaca los proyectos m\u00e1s innovadores y efectivos en la promoci\u00f3n de talento diverso, acceso equitativo a las oportunidades y una aviaci\u00f3n m\u00e1s representativa del mundo actual.<\/p>\n<p style=\"text-align: justify;\">La nominaci\u00f3n se encuentra en la categor\u00eda Diversidad, Equidad e Inclusi\u00f3n (DEI), que destaca los proyectos m\u00e1s innovadores y efectivos en la promoci\u00f3n de talento diverso, acceso equitativo a las oportunidades y una aviaci\u00f3n m\u00e1s representativa del mundo actual.<\/p>\n<p style=\"text-align: justify;\">La nominaci\u00f3n se encuentra en la categor\u00eda Diversidad, Equidad e Inclusi\u00f3n (DEI), que destaca los proyectos m\u00e1s innovadores y efectivos en la promoci\u00f3n de talento diverso, acceso equitativo a las oportunidades y una aviaci\u00f3n m\u00e1s representativa del mundo actual.<\/p>\n<p>Fuente:<\/p>\n","protected":false},"excerpt":{"rendered":"<p>El reality show dominicano figura entre iniciativas de clase mundial que promueven la diversidad, la<\/p>\n","protected":false},"author":4,"featured_media":43107,"comment_status":"open","ping_status":"open","sticky":false,"template":"","format":"standard","meta":{"footnotes":""},"categories":[7],"tags":[],"class_list":["post-43106","post","type-post","status-publish","format-standard","has-post-thumbnail","hentry","category-nacionales"],"_links":{"self":[{"href":"https:\/\/laverdadpublica.com\/index.php\/wp-json\/wp\/v2\/posts\/43106","targetHints":{"allow":["GET"]}}],"collection":[{"href":"https:\/\/laverdadpublica.com\/index.php\/wp-json\/wp\/v2\/posts"}],"about":[{"href":"https:\/\/laverdadpublica.com\/index.php\/wp-json\/wp\/v2\/types\/post"}],"author":[{"embeddable":true,"href":"https:\/\/laverdadpublica.com\/index.php\/wp-json\/wp\/v2\/users\/4"}],"replies":[{"embeddable":true,"href":"https:\/\/laverdadpublica.com\/index.php\/wp-json\/wp\/v2\/comments?post=43106"}],"version-history":[{"count":1,"href":"https:\/\/laverdadpublica.com\/index.php\/wp-json\/wp\/v2\/posts\/43106\/revisions"}],"predecessor-version":[{"id":43108,"href":"https:\/\/laverdadpublica.com\/index.php\/wp-json\/wp\/v2\/posts\/43106\/revisions\/43108"}],"wp:featuredmedia":[{"embeddable":true,"href":"https:\/\/laverdadpublica.com\/index.php\/wp-json\/wp\/v2\/media\/43107"}],"wp:attachment":[{"href":"https:\/\/laverdadpublica.com\/index.php\/wp-json\/wp\/v2\/media?parent=43106"}],"wp:term":[{"taxonomy":"category","embeddable":true,"href":"https:\/\/laverdadpublica.com\/index.php\/wp-json\/wp\/v2\/categories?post=43106"},{"taxonomy":"post_tag","embeddable":true,"href":"https:\/\/laverdadpublica.com\/index.php\/wp-json\/wp\/v2\/tags?post=43106"}],"curies":[{"name":"wp","href":"https:\/\/api.w.org\/{rel}","templated":true}]}}