{"id":43185,"date":"2025-04-04T23:12:07","date_gmt":"2025-04-04T23:12:07","guid":{"rendered":"https:\/\/laverdadpublica.com\/?p=43185"},"modified":"2025-04-04T23:12:07","modified_gmt":"2025-04-04T23:12:07","slug":"wellington-arnaud-destaca-el-compromiso-de-la-juventud-con-el-medio-ambiente-en-la-expo-sostenible-2025","status":"publish","type":"post","link":"https:\/\/laverdadpublica.com\/index.php\/2025\/04\/04\/wellington-arnaud-destaca-el-compromiso-de-la-juventud-con-el-medio-ambiente-en-la-expo-sostenible-2025\/","title":{"rendered":"Wellington Arnaud destaca el compromiso de la juventud con el medio ambiente en la Expo Sostenible 2025"},"content":{"rendered":"<p style=\"text-align: justify;\"><strong>Santo Domingo, R.D. \u2013<\/strong> La Expo Sostenible 2025 se celebr\u00f3 con gran \u00e9xito como la primera feria de sostenibilidad de la Rep\u00fablica Dominicana, reuniendo a l\u00edderes del sector p\u00fablico, privado y organizaciones comprometidas con la protecci\u00f3n del medio ambiente.<\/p>\n<p style=\"text-align: justify;\">Uno de los protagonistas del evento fue el director ejecutivo del Instituto Nacional de Aguas Potables y Alcantarillados (INAPA), Wellington Arnaud, quien destac\u00f3 la importancia de crear mayor conciencia ambiental, especialmente entre los j\u00f3venes.<\/p>\n<blockquote>\n<p style=\"text-align: justify;\">\u201cLa juventud dominicana est\u00e1 cada vez m\u00e1s ocupada en proteger el medio ambiente, y eso es una se\u00f1al clara de avance hacia una cultura de sostenibilidad\u201d, afirm\u00f3 Arnaud durante su participaci\u00f3n.<\/p>\n<\/blockquote>\n<p style=\"text-align: justify;\">Adem\u00e1s, el funcionario form\u00f3 parte del panel \u201cGesti\u00f3n y conservaci\u00f3n del agua\u201d, en el que present\u00f3 propuestas para cuidar este recurso vital y explic\u00f3 los beneficios ambientales que conlleva su uso responsable.<\/p>\n<blockquote>\n<p style=\"text-align: justify;\">\u201cFue un honor ser expositor en #ExpoSostenible, un evento que re\u00fane a actores comprometidos con un futuro m\u00e1s sostenible para la Rep\u00fablica Dominicana. La gesti\u00f3n y conservaci\u00f3n del agua es esencial para nuestro planeta. \u00a1Sigamos trabajando por un ma\u00f1ana m\u00e1s verde!\u201d, expres\u00f3 en sus redes sociales.<\/p>\n<\/blockquote>\n<p style=\"text-align: justify;\">La actividad tambi\u00e9n cont\u00f3 con la presencia de la alcaldesa del Distrito Nacional, Carolina Mej\u00eda, quien junto a Arnaud asisti\u00f3 a la inauguraci\u00f3n del evento, reafirmando el apoyo institucional a las iniciativas sostenibles.<\/p>\n<p style=\"text-align: justify;\">Desde INAPA, resaltaron que esta feria representa un paso firme hacia una cultura de preservaci\u00f3n de los recursos naturales, apostando por un futuro m\u00e1s limpio y consciente para las nuevas generaciones.<\/p>\n<p>Fuente: Comunicaciones INAPA<\/p>\n","protected":false},"excerpt":{"rendered":"<p>Santo Domingo, R.D. \u2013 La Expo Sostenible 2025 se celebr\u00f3 con gran \u00e9xito como la<\/p>\n","protected":false},"author":4,"featured_media":43186,"comment_status":"open","ping_status":"open","sticky":false,"template":"","format":"standard","meta":{"footnotes":""},"categories":[7],"tags":[],"class_list":["post-43185","post","type-post","status-publish","format-standard","has-post-thumbnail","hentry","category-nacionales"],"_links":{"self":[{"href":"https:\/\/laverdadpublica.com\/index.php\/wp-json\/wp\/v2\/posts\/43185","targetHints":{"allow":["GET"]}}],"collection":[{"href":"https:\/\/laverdadpublica.com\/index.php\/wp-json\/wp\/v2\/posts"}],"about":[{"href":"https:\/\/laverdadpublica.com\/index.php\/wp-json\/wp\/v2\/types\/post"}],"author":[{"embeddable":true,"href":"https:\/\/laverdadpublica.com\/index.php\/wp-json\/wp\/v2\/users\/4"}],"replies":[{"embeddable":true,"href":"https:\/\/laverdadpublica.com\/index.php\/wp-json\/wp\/v2\/comments?post=43185"}],"version-history":[{"count":1,"href":"https:\/\/laverdadpublica.com\/index.php\/wp-json\/wp\/v2\/posts\/43185\/revisions"}],"predecessor-version":[{"id":43187,"href":"https:\/\/laverdadpublica.com\/index.php\/wp-json\/wp\/v2\/posts\/43185\/revisions\/43187"}],"wp:featuredmedia":[{"embeddable":true,"href":"https:\/\/laverdadpublica.com\/index.php\/wp-json\/wp\/v2\/media\/43186"}],"wp:attachment":[{"href":"https:\/\/laverdadpublica.com\/index.php\/wp-json\/wp\/v2\/media?parent=43185"}],"wp:term":[{"taxonomy":"category","embeddable":true,"href":"https:\/\/laverdadpublica.com\/index.php\/wp-json\/wp\/v2\/categories?post=43185"},{"taxonomy":"post_tag","embeddable":true,"href":"https:\/\/laverdadpublica.com\/index.php\/wp-json\/wp\/v2\/tags?post=43185"}],"curies":[{"name":"wp","href":"https:\/\/api.w.org\/{rel}","templated":true}]}}