{"id":43199,"date":"2025-04-05T22:17:59","date_gmt":"2025-04-05T22:17:59","guid":{"rendered":"https:\/\/laverdadpublica.com\/?p=43199"},"modified":"2025-04-05T22:18:19","modified_gmt":"2025-04-05T22:18:19","slug":"43199","status":"publish","type":"post","link":"https:\/\/laverdadpublica.com\/index.php\/2025\/04\/05\/43199\/","title":{"rendered":"05 de Abril: D\u00eda Nacional del Periodista"},"content":{"rendered":"<p style=\"text-align: justify;\">Por Felix Rubio<\/p>\n<p style=\"text-align: justify;\">Cada cinco de abril, en la Rep\u00fablica Dominicana se celebra el D\u00eda del Periodista. A continuaci\u00f3n te contamos la raz\u00f3n:<\/p>\n<p style=\"text-align: justify;\">Fue el 5 de abril de 1821, bajo el gobierno de la Espa\u00f1a Boba, sali\u00f3 a la luz el peri\u00f3dico \u201cEl Tel\u00e9grafo Constitucional\u201d, el primero en ser publicado en lo que hoy es el territorio nacional dominicano.<\/p>\n<p style=\"text-align: justify;\">La fecha sirvi\u00f3 de referencia para que esta fecha fuera declarada como D\u00eda Nacional del Periodista.<\/p>\n<p style=\"text-align: justify;\"><strong>El D\u00eda del Periodista<\/strong> es un momento para conmemorar a los periodistas y comunicadores, profesionales cuyo trabajo consiste en descubrir e investigar temas de inter\u00e9s p\u00fablico, contrastarlos, sintetizarlos, jerarquizarlos y publicarlos. Para ello recurre a fuentes period\u00edsticas fiables y verificables. As\u00ed elabora sus art\u00edculos, que pueden tomar varias formas para su difusi\u00f3n: oral, escrita, visual.<\/p>\n<p style=\"text-align: justify;\">Existen varios principios que gu\u00edan la labor del periodista, el principal de los cuales es el respeto por la verdad, el rigor en la b\u00fasqueda de la informaci\u00f3n fidedigna y verificable. En general, se considera buen periodista al que consigue informaci\u00f3n relevante, breve y exacta en el menor tiempo posible.<\/p>\n<p>Hoy, desde la Direcci\u00f3n General de \u00abDe Frente a la Verdad\u00bb, celebramos y reconocemos a los grandes y destacados periodistas que componen el \u201cCuarto Poder del Estado\u201d.<\/p>\n<p>Fuente: Redacci\u00f3n<\/p>\n","protected":false},"excerpt":{"rendered":"<p>Por Felix Rubio Cada cinco de abril, en la Rep\u00fablica Dominicana se celebra el D\u00eda<\/p>\n","protected":false},"author":1,"featured_media":43200,"comment_status":"open","ping_status":"open","sticky":false,"template":"","format":"standard","meta":{"footnotes":""},"categories":[7],"tags":[],"class_list":["post-43199","post","type-post","status-publish","format-standard","has-post-thumbnail","hentry","category-nacionales"],"_links":{"self":[{"href":"https:\/\/laverdadpublica.com\/index.php\/wp-json\/wp\/v2\/posts\/43199","targetHints":{"allow":["GET"]}}],"collection":[{"href":"https:\/\/laverdadpublica.com\/index.php\/wp-json\/wp\/v2\/posts"}],"about":[{"href":"https:\/\/laverdadpublica.com\/index.php\/wp-json\/wp\/v2\/types\/post"}],"author":[{"embeddable":true,"href":"https:\/\/laverdadpublica.com\/index.php\/wp-json\/wp\/v2\/users\/1"}],"replies":[{"embeddable":true,"href":"https:\/\/laverdadpublica.com\/index.php\/wp-json\/wp\/v2\/comments?post=43199"}],"version-history":[{"count":2,"href":"https:\/\/laverdadpublica.com\/index.php\/wp-json\/wp\/v2\/posts\/43199\/revisions"}],"predecessor-version":[{"id":43202,"href":"https:\/\/laverdadpublica.com\/index.php\/wp-json\/wp\/v2\/posts\/43199\/revisions\/43202"}],"wp:featuredmedia":[{"embeddable":true,"href":"https:\/\/laverdadpublica.com\/index.php\/wp-json\/wp\/v2\/media\/43200"}],"wp:attachment":[{"href":"https:\/\/laverdadpublica.com\/index.php\/wp-json\/wp\/v2\/media?parent=43199"}],"wp:term":[{"taxonomy":"category","embeddable":true,"href":"https:\/\/laverdadpublica.com\/index.php\/wp-json\/wp\/v2\/categories?post=43199"},{"taxonomy":"post_tag","embeddable":true,"href":"https:\/\/laverdadpublica.com\/index.php\/wp-json\/wp\/v2\/tags?post=43199"}],"curies":[{"name":"wp","href":"https:\/\/api.w.org\/{rel}","templated":true}]}}